{"id":73463,"date":"2026-04-28T13:18:00","date_gmt":"2026-04-28T13:18:00","guid":{"rendered":"https:\/\/ciaoup.it\/?p=73463"},"modified":"2026-04-28T13:18:00","modified_gmt":"2026-04-28T13:18:00","slug":"caso-minetti-grazia-e-revoca-chi-decide-e-come-funzionano","status":"publish","type":"post","link":"https:\/\/ciaoup.it\/?p=73463","title":{"rendered":"Caso Minetti, grazia e revoca: chi decide e come funzionano"},"content":{"rendered":"<p> (Adnkronos) &#8211; Cos&#8217;\u00e8 la grazia? Come funziona? Si pu\u00f2 revocare? Il caso Minetti ha rimesso sotto i riflettori l&#8217;atto di clemenza che la nostra Costituzione inserisce tra quelli in capo al presidente della Repubblica. E&#8217; l&#8217;articolo 87 della Carta a prevedere che il presidente della Repubblica pu\u00f2, con un proprio decreto, concedere grazia e commutare le pene. \u00a0<\/p>\n<p>\u00a0<\/p>\n<p>La grazia estingue in tutto o in parte la pena inflitta o la trasforma in un&#8217;altra pena (esempio, una multa al posto del carcere). \u00a0<\/p>\n<p>Ma come si concede la grazia? Il procedimento di concessione \u00e8 disciplinato dall\u2019articolo 681 del Codice di procedura penale. La procedura prevede che la domanda di grazia sia diretta al presidente della Repubblica ma va presentata al ministro della Giustizia. L&#8217;iniziativa \u00e8 del condannato, di un suo prossimo congiunto, del convivente, del tutore o curatore o dell&#8217;avvocato. Ci sono indicazioni particolari se il condannato \u00e8 detenuto. Sempre il codice di procedura penale prevede che la grazia possa essere concessa di ufficio (senza domanda e proposta).\u00a0<\/p>\n<p>\u00a0<\/p>\n<p>Sulla grazia esprime il proprio parere il Procuratore generale presso la Corte di Appello (a meno che si tratti di condannato detenuto) dopo una istruttoria che comprende la valutazione di diversi elementi come la posizione giuridica del condannato, il  perdono delle persone danneggiate dal reato, i dati della Polizia, le valutazioni dei penitenziari. Il parere del procuratore della Corte di appello viene acquisito dal ministro della Giustizia, che quindi  trasmette la domanda (o la proposta) di grazia al capo dello Stato aggiungendo il suo &#8220;avviso&#8221;, cio\u00e8 specificando se \u00e8 favorevole o contrario alla concessione del beneficio. La Corte costituzionale, con la sentenza 200 del maggio 2006 che risolveva proprio il conflitto di attribuzione sollevato dal presidente della Repubblica Carlo Azeglio Ciampi nei confronti del ministro della Giustizia Roberto Castelli proprio sul potere di grazia, ha affermato nella sostanza che il Capo dello Stato \u00e8 titolare della grazia. \u00a0<\/p>\n<p>\u00a0<\/p>\n<p>La grazia si pu\u00f2 revocare? S\u00ec se, come avviene in via generica, nei decreti di grazia o di commutazione della pena \u00e8 inserita la condizione della revoca dell\u2019atto in caso di commissione da parte del beneficiario di un delitto non colposo entro 5 anni dal decreto presidenziale (10 anni in caso di grazia riguardante la pena dell\u2019ergastolo). I precedenti sono quasi inesistenti ma in questo caso c&#8217;\u00e8 quello di Graziano Mesina, il bandito sardo graziato da Carlo Azeglio Ciampi nel 2004 e poi condannato nel 2016 a 30 anni di reclusione dal tribunale di Cagliari con conseguente revoca della grazia. Per gli altri casi i precedenti non aiutano. Diversi costituzionalisti hanno tirato in ballo, a proposito del caso Minetti, il principio giuridico generale in forza del quale se dovessero essere verificati da una istruttoria i presupposti infondati del beneficio si apre la possibilit\u00e0 di revocarlo con un apposito atto.\u00a0<\/p>\n<p>\u00a0<\/p>\n<p>&#8212;<\/p>\n<p>politica<\/p>\n<p>webinfo@adnkronos.com (Web Info)<\/p>\n<div style=\"display:flex; gap:10px;justify-content:center\" class=\"wps-pgfw-pdf-generate-icon__wrapper-frontend\">\n\t\t<a  href=\"https:\/\/ciaoup.it?action=genpdf&amp;id=73463\" class=\"pgfw-single-pdf-download-button\" ><img src=\"https:\/\/ciaoup.it\/wp-content\/plugins\/pdf-generator-for-wp\/admin\/src\/images\/PDF_Tray.svg\" title=\"Generate PDF\" style=\"width:auto; height:45px;\"><\/a>\n\t\t<\/div>","protected":false},"excerpt":{"rendered":"<p>(Adnkronos) &#8211; Cos&#8217;\u00e8 la grazia? Come funziona? Si pu\u00f2 revocare? Il caso Minetti ha rimesso&hellip;<\/p>\n","protected":false},"author":3,"featured_media":73464,"comment_status":"open","ping_status":"closed","sticky":false,"template":"","format":"standard","meta":{"footnotes":""},"categories":[12],"tags":[3],"class_list":["post-73463","post","type-post","status-publish","format-standard","has-post-thumbnail","hentry","category-comunicati","tag-ultimora"],"_links":{"self":[{"href":"https:\/\/ciaoup.it\/index.php?rest_route=\/wp\/v2\/posts\/73463","targetHints":{"allow":["GET"]}}],"collection":[{"href":"https:\/\/ciaoup.it\/index.php?rest_route=\/wp\/v2\/posts"}],"about":[{"href":"https:\/\/ciaoup.it\/index.php?rest_route=\/wp\/v2\/types\/post"}],"author":[{"embeddable":true,"href":"https:\/\/ciaoup.it\/index.php?rest_route=\/wp\/v2\/users\/3"}],"replies":[{"embeddable":true,"href":"https:\/\/ciaoup.it\/index.php?rest_route=%2Fwp%2Fv2%2Fcomments&post=73463"}],"version-history":[{"count":1,"href":"https:\/\/ciaoup.it\/index.php?rest_route=\/wp\/v2\/posts\/73463\/revisions"}],"predecessor-version":[{"id":73535,"href":"https:\/\/ciaoup.it\/index.php?rest_route=\/wp\/v2\/posts\/73463\/revisions\/73535"}],"wp:featuredmedia":[{"embeddable":true,"href":"https:\/\/ciaoup.it\/index.php?rest_route=\/wp\/v2\/media\/73464"}],"wp:attachment":[{"href":"https:\/\/ciaoup.it\/index.php?rest_route=%2Fwp%2Fv2%2Fmedia&parent=73463"}],"wp:term":[{"taxonomy":"category","embeddable":true,"href":"https:\/\/ciaoup.it\/index.php?rest_route=%2Fwp%2Fv2%2Fcategories&post=73463"},{"taxonomy":"post_tag","embeddable":true,"href":"https:\/\/ciaoup.it\/index.php?rest_route=%2Fwp%2Fv2%2Ftags&post=73463"}],"curies":[{"name":"wp","href":"https:\/\/api.w.org\/{rel}","templated":true}]}}