{"id":73444,"date":"2026-04-28T12:46:49","date_gmt":"2026-04-28T12:46:49","guid":{"rendered":"https:\/\/ciaoup.it\/?p=73444"},"modified":"2026-04-28T12:46:49","modified_gmt":"2026-04-28T12:46:49","slug":"re-carlo-e-il-lavoro-a-maglia-la-passione-antistress-condivisa-con-lolimpionico-daley","status":"publish","type":"post","link":"https:\/\/ciaoup.it\/?p=73444","title":{"rendered":"Re Carlo e il lavoro a maglia, la passione antistress condivisa con l&#8217;olimpionico Daley"},"content":{"rendered":"<p> (Adnkronos) &#8211; Re Carlo ha avuto modo, durante il suo primo giorno di visita ufficiale negli Stati Uniti, di parlare di una sua grande passione, il lavoro a maglia. E lo ha fatto con un ex campione di tuffi, l&#8217;olimpionico britannico Tom Daley, che durante i Giochi Parigi 2024 era stato ripreso a bordo vasca mentre faceva la maglia per stemperare la tensione. Una passione condivisa, quindi, di cui re Carlo e Daley hanno parlato, in tono scherzoso, durante un ricevimento in giardino offerto nella residenza di Washington dell&#8217;ambasciatore britannico, Sir Christian Turner. Un modo, anche questa volta, di stemperare la tensione e concludere in modo rilassato una giornata ricca di incontri diplomatici di alto livello.\u00a0<\/p>\n<p>Tra i 650 ospiti al ricevimento c&#8217;erano politici, leader di organizzazioni benefiche e personalit\u00e0 del mondo della cultura, ma \u00e8 stata la conversazione di Carlo con Daley a catturare l&#8217;attenzione. &#8220;Mi ha detto che aveva provato a lavorare a maglia quando aveva otto anni e non era molto bravo &#8211; ha rivelato Daley &#8211; Ma ha aggiunto che potrebbe riprendere, perch\u00e9 sa che fa molto bene alla salute mentale&#8221;. Il campione olimpico, che ora vive a Los Angeles con il marito e i due figli, ha descritto il lavoro a maglia come il suo &#8220;sfogo per la creativit\u00e0, la consapevolezza e la meditazione&#8221;, e ha accennato a una futura collaborazione con il re. &#8220;Vorrei provare a reinserirlo nel programma scolastico e forse lui pu\u00f2 aiutarmi a farlo&#8221;, ha aggiunto.\u00a0<\/p>\n<p>Tra gli ospiti presenti al ricevimento c&#8217;erano il segretario del Tesoro Scott Bessent, il senatore Ted Cruz, l&#8217;ex presidente della Camera Nancy Pelosi, l&#8217;attuale presidente della Camera Mike Johnson e il compagno di scuola del Principe William, Guy Pelly, ma anche star dello sport come la calciatrice britannica Esme Morgan, vincitrice di un titolo europeo con la nazionale inglese femminile e giocatrice del Washington Spirit.\u00a0<\/p>\n<p>La regina Camilla, che si \u00e8 detta &#8221;molto stanca per il jet lag&#8221; e il lungo viaggio in aereo, durante il ricevimento ha parlato con i responsabili di organizzazioni benefiche impegnate nella lotta contro lo sfruttamento minorile e gli abusi sessuali. Michelle DeLaune, amministratrice delegata del National Centre for Missing and Exploited Children, ha definito la regina &#8220;meravigliosa&#8221; per aver &#8220;sensibilizzato l&#8217;opinione pubblica&#8221;, sottolineando che &#8220;molte persone soffrono in silenzio e avere qualcuno, come lei, a cui ispirarsi, d\u00e0 la sensazione di non sentirsi cos\u00ec soli&#8221;. Sulla possibilit\u00e0 che Carlo e Camilla incontrino le vittime di Epstein,  DeLaune ha detto: &#8221;Penso che debba essere una scelta individuale, del re e della regina&#8221; e &#8221;credo che le voci delle vittime e dei sopravvissuti non solo vengano ascoltate, ma che si stiano anche compiendo progressi. Continueremo a lavorare per garantire che le loro voci siano forti e chiare&#8221;.\u00a0<\/p>\n<p>&#8212;<\/p>\n<p>internazionale\/esteri<\/p>\n<p>webinfo@adnkronos.com (Web Info)<\/p>\n<div style=\"display:flex; gap:10px;justify-content:center\" class=\"wps-pgfw-pdf-generate-icon__wrapper-frontend\">\n\t\t<a  href=\"https:\/\/ciaoup.it?action=genpdf&amp;id=73444\" class=\"pgfw-single-pdf-download-button\" ><img src=\"https:\/\/ciaoup.it\/wp-content\/plugins\/pdf-generator-for-wp\/admin\/src\/images\/PDF_Tray.svg\" title=\"Generate PDF\" style=\"width:auto; height:45px;\"><\/a>\n\t\t<\/div>","protected":false},"excerpt":{"rendered":"<p>(Adnkronos) &#8211; Re Carlo ha avuto modo, durante il suo primo giorno di visita ufficiale&hellip;<\/p>\n","protected":false},"author":3,"featured_media":73445,"comment_status":"open","ping_status":"closed","sticky":false,"template":"","format":"standard","meta":{"footnotes":""},"categories":[12],"tags":[3],"class_list":["post-73444","post","type-post","status-publish","format-standard","has-post-thumbnail","hentry","category-comunicati","tag-ultimora"],"_links":{"self":[{"href":"https:\/\/ciaoup.it\/index.php?rest_route=\/wp\/v2\/posts\/73444","targetHints":{"allow":["GET"]}}],"collection":[{"href":"https:\/\/ciaoup.it\/index.php?rest_route=\/wp\/v2\/posts"}],"about":[{"href":"https:\/\/ciaoup.it\/index.php?rest_route=\/wp\/v2\/types\/post"}],"author":[{"embeddable":true,"href":"https:\/\/ciaoup.it\/index.php?rest_route=\/wp\/v2\/users\/3"}],"replies":[{"embeddable":true,"href":"https:\/\/ciaoup.it\/index.php?rest_route=%2Fwp%2Fv2%2Fcomments&post=73444"}],"version-history":[{"count":1,"href":"https:\/\/ciaoup.it\/index.php?rest_route=\/wp\/v2\/posts\/73444\/revisions"}],"predecessor-version":[{"id":73511,"href":"https:\/\/ciaoup.it\/index.php?rest_route=\/wp\/v2\/posts\/73444\/revisions\/73511"}],"wp:featuredmedia":[{"embeddable":true,"href":"https:\/\/ciaoup.it\/index.php?rest_route=\/wp\/v2\/media\/73445"}],"wp:attachment":[{"href":"https:\/\/ciaoup.it\/index.php?rest_route=%2Fwp%2Fv2%2Fmedia&parent=73444"}],"wp:term":[{"taxonomy":"category","embeddable":true,"href":"https:\/\/ciaoup.it\/index.php?rest_route=%2Fwp%2Fv2%2Fcategories&post=73444"},{"taxonomy":"post_tag","embeddable":true,"href":"https:\/\/ciaoup.it\/index.php?rest_route=%2Fwp%2Fv2%2Ftags&post=73444"}],"curies":[{"name":"wp","href":"https:\/\/api.w.org\/{rel}","templated":true}]}}