{"id":73428,"date":"2026-04-28T12:23:23","date_gmt":"2026-04-28T12:23:23","guid":{"rendered":"https:\/\/ciaoup.it\/?p=73428"},"modified":"2026-04-28T12:23:23","modified_gmt":"2026-04-28T12:23:23","slug":"alcaraz-salta-anche-wimbledon-lallarme-dalla-spagna","status":"publish","type":"post","link":"https:\/\/ciaoup.it\/?p=73428","title":{"rendered":"Alcaraz salta anche Wimbledon? L&#8217;allarme dalla Spagna"},"content":{"rendered":"<p> (Adnkronos) &#8211; L&#8217;infortunio di Carlos Alcaraz preoccupa la Spagna. Il tennista iberico ha riportato un problema al polso durante il primo turno dell&#8217;Atp 500 di Barcellona, che lo ha costretto a ritirarsi dal torneo e a rinunciare prima al Masters 1000 di Madrid, poi a quello di Roma e infine al Roland Garros, a cui arrivava da campione in carica, offrendo a Jannik Sinner la possibilit\u00e0 di allungare nel ranking Atp.\u00a0<\/p>\n<p>L&#8217;annuncio di Alcaraz, che ha quindi chiuso anzitempo la stagione sulla terra, aveva fatto scalpore, ma i guai per lui potrebbero non essere finiti. A rischio infatti c&#8217;\u00e8 anche la sua partecipazione al prossimo Wimbledon, di cui \u00e8 stato finalista lo scorso anno, e vero obiettivo del suo recupero.\u00a0<\/p>\n<p>L&#8217;allarme \u00e8 arrivato dalla Spagna: &#8220;Bisogna avere molta pazienza. Ora bisogna lasciar riposare il polso il pi\u00f9 possibile affinch\u00e9 si riprenda al meglio, senza fissare una data precisa, perch\u00e9 credo che dopo un mese e mezzo cos\u00ec, potrebbe essere fuori forma: vediamo quando potr\u00e0 tornare ad allenarsi&#8221;, ha detto l&#8217;ex tennista Alex Corretja a El Larguero.\u00a0<\/p>\n<p>&#8220;Iniziare la stagione su erba non so se sar\u00e0 la cosa pi\u00f9 facile, perch\u00e9 l\u00ec bisogna fare pi\u00f9 movimenti diversi e potrebbero farti male al polso, quindi non ho chiaro cosa possa succedere, non ho idea di come stia andando il recupero&#8221;, ha concluso, esprimendo quindi pi\u00f9 che qualche dubbio sul fatto che Alcaraz sia a Wimbledon.\u00a0<\/p>\n<p>\u00a0<\/p>\n<p>&#8212;<\/p>\n<p>sport<\/p>\n<p>webinfo@adnkronos.com (Web Info)<\/p>\n<div style=\"display:flex; gap:10px;justify-content:center\" class=\"wps-pgfw-pdf-generate-icon__wrapper-frontend\">\n\t\t<a  href=\"https:\/\/ciaoup.it?action=genpdf&amp;id=73428\" class=\"pgfw-single-pdf-download-button\" ><img src=\"https:\/\/ciaoup.it\/wp-content\/plugins\/pdf-generator-for-wp\/admin\/src\/images\/PDF_Tray.svg\" title=\"Generate PDF\" style=\"width:auto; height:45px;\"><\/a>\n\t\t<\/div>","protected":false},"excerpt":{"rendered":"<p>(Adnkronos) &#8211; L&#8217;infortunio di Carlos Alcaraz preoccupa la Spagna. Il tennista iberico ha riportato un&hellip;<\/p>\n","protected":false},"author":3,"featured_media":73429,"comment_status":"open","ping_status":"closed","sticky":false,"template":"","format":"standard","meta":{"footnotes":""},"categories":[12],"tags":[3],"class_list":["post-73428","post","type-post","status-publish","format-standard","has-post-thumbnail","hentry","category-comunicati","tag-ultimora"],"_links":{"self":[{"href":"https:\/\/ciaoup.it\/index.php?rest_route=\/wp\/v2\/posts\/73428","targetHints":{"allow":["GET"]}}],"collection":[{"href":"https:\/\/ciaoup.it\/index.php?rest_route=\/wp\/v2\/posts"}],"about":[{"href":"https:\/\/ciaoup.it\/index.php?rest_route=\/wp\/v2\/types\/post"}],"author":[{"embeddable":true,"href":"https:\/\/ciaoup.it\/index.php?rest_route=\/wp\/v2\/users\/3"}],"replies":[{"embeddable":true,"href":"https:\/\/ciaoup.it\/index.php?rest_route=%2Fwp%2Fv2%2Fcomments&post=73428"}],"version-history":[{"count":1,"href":"https:\/\/ciaoup.it\/index.php?rest_route=\/wp\/v2\/posts\/73428\/revisions"}],"predecessor-version":[{"id":73491,"href":"https:\/\/ciaoup.it\/index.php?rest_route=\/wp\/v2\/posts\/73428\/revisions\/73491"}],"wp:featuredmedia":[{"embeddable":true,"href":"https:\/\/ciaoup.it\/index.php?rest_route=\/wp\/v2\/media\/73429"}],"wp:attachment":[{"href":"https:\/\/ciaoup.it\/index.php?rest_route=%2Fwp%2Fv2%2Fmedia&parent=73428"}],"wp:term":[{"taxonomy":"category","embeddable":true,"href":"https:\/\/ciaoup.it\/index.php?rest_route=%2Fwp%2Fv2%2Fcategories&post=73428"},{"taxonomy":"post_tag","embeddable":true,"href":"https:\/\/ciaoup.it\/index.php?rest_route=%2Fwp%2Fv2%2Ftags&post=73428"}],"curies":[{"name":"wp","href":"https:\/\/api.w.org\/{rel}","templated":true}]}}