{"id":73402,"date":"2026-04-28T11:56:50","date_gmt":"2026-04-28T11:56:50","guid":{"rendered":"https:\/\/ciaoup.it\/?p=73402"},"modified":"2026-04-28T11:56:50","modified_gmt":"2026-04-28T11:56:50","slug":"torna-forum-comunicazione-tema-2026-il-tone-of-voice-delle-organizzazioni","status":"publish","type":"post","link":"https:\/\/ciaoup.it\/?p=73402","title":{"rendered":"Torna Forum comunicazione, tema 2026 il &#8216;tone of voice&#8217; delle organizzazioni"},"content":{"rendered":"<p> (Adnkronos) &#8211; Torna ad Assolombarda il Forum comunicazione, giunto alla sua XIX edizione: l&#8217;evento di punta per la comunicazione d&#8217;impresa e istituzionale in Italia, organizzato da Comunicazione italiana \u2013 For human relations, che dal 2008 costituisce la piattaforma di contenuti e relazioni pi\u00f9 estesa nel suo settore. Il tema scelto per questa edizione \u00e8 &#8216;Tone of voice: la voce delle organizzazioni tra linguaggio, fiducia e tecnologia&#8217;. Una scelta che non \u00e8 soltanto tematica, ma strutturalmente anticipatoria: nell&#8217;epoca dell&#8217;iperconnessione e della proliferazione degli strumenti generativi, la voce con cui un&#8217;organizzazione si esprime non \u00e8 pi\u00f9 un dettaglio stilistico, ma un&#8217;infrastruttura strategica, capace di generare o erodere fiducia, di orientare o disperdere la percezione dei pubblici, di riflettere o contraddire i valori dichiarati.\u00a0<\/p>\n<p>Il formato della XIX edizione conferma e amplifica la struttura ibrida e multi-formato che contraddistingue il Forum: una main session in Auditorium da 400 posti, con talk show e innovation speech a contenuto strategico e prospettico, registrati e pubblicati in differita su ComunicazioneItaliana.Tv; una sala phygital per contenuti ad alto tasso di innovazione; una sala workshop per sessioni pratiche e laboratoriali; l&#8217;Executive circle, spazio riservato ai C-level per conversazioni ad alta densit\u00e0 decisionale e i tavoli tematici, format partecipativo che genera confronto diretto tra professionisti su specifiche direttrici del settore.\u00a0<\/p>\n<p>La plenaria inaugurale &#8211; &#8216;Tone of voice | L&#8217;infrastruttura invisibile della leadership per orientare l&#8217;impresa&#8217;, sar\u00e0 condotta da Giuseppe De Bellis, direttore editoriale di SkyTg24 ed executive vice president di Sky Italia, e vedr\u00e0 la partecipazione di figure di primo piano della comunicazione industriale e istituzionale italiana. Tra i protagonisti confermati: Karim Bruneo (corporate communication, public affairs and sustainability director, Haier Europe), Fabio Caporizzi (direttore relazioni esterne e istituzionali, Conad consorzio nazionale), Roberto Leonelli (ceo, Publicis groupe), Erika Mandraffino (director comunicazione esterna, Eni), Renato Vichi (Group head institutional affairs and external communication, Intesa Sanpaolo) e Antonella Sada (head of public affairs, brand &amp; communications and sustainability, Dhl express Italy).\u00a0<\/p>\n<p>Il programma prevede inoltre un face to face sul tema &#8216;Speak to lead \u2014 Parlare per guidare: la nuova grammatica della leadership&#8217;, con Livio Vanghetti (direttore relazioni esterne, Confindustria) e Alessandro Iozzia (partner &#8211; Italy office head, Brunswick group); un talk show su &#8216;Policy voice | Anticipare la crisi: il valore strategico della comunicazione&#8217;, con Cristina Parenti (executive vice president external relations &amp; communication, Edison) e Francesca Baldini (executive vice president, Weber Shandwick); e un confronto di grande valore storico-editoriale dedicato ai 150 anni del Corriere della Sera, con Antonio Calabr\u00f2 (presidente Fondazione Assolombarda) e Venanzio Postiglione (vicedirettore, Corriere della Sera).\u00a0<\/p>\n<p>La XIX edizione si avvale di un ecosistema di partnership di primo livello. Main media partner \u00e8 Adnkronos. Official partner: B2You Altroconsumo, Spencer &amp; Lewis, Storyfactory. Content partner: Sailing challenge, Volocom. Content partner Dicto Ai, Forum partner: Datapizza, Fma hub, The fool, Weber Shandwick, Wh factory. Media partner: Euroborsa, Fasi.eu. L&#8217;evento si svolge in collaborazione con Assolombarda.\u00a0<\/p>\n<p>&#8212;<\/p>\n<p>economia<\/p>\n<p>webinfo@adnkronos.com (Web Info)<\/p>\n<div style=\"display:flex; gap:10px;justify-content:center\" class=\"wps-pgfw-pdf-generate-icon__wrapper-frontend\">\n\t\t<a  href=\"https:\/\/ciaoup.it?action=genpdf&amp;id=73402\" class=\"pgfw-single-pdf-download-button\" ><img src=\"https:\/\/ciaoup.it\/wp-content\/plugins\/pdf-generator-for-wp\/admin\/src\/images\/PDF_Tray.svg\" title=\"Generate PDF\" style=\"width:auto; height:45px;\"><\/a>\n\t\t<\/div>","protected":false},"excerpt":{"rendered":"<p>(Adnkronos) &#8211; Torna ad Assolombarda il Forum comunicazione, giunto alla sua XIX edizione: l&#8217;evento di&hellip;<\/p>\n","protected":false},"author":3,"featured_media":73403,"comment_status":"open","ping_status":"closed","sticky":false,"template":"","format":"standard","meta":{"footnotes":""},"categories":[12],"tags":[3],"class_list":["post-73402","post","type-post","status-publish","format-standard","has-post-thumbnail","hentry","category-comunicati","tag-ultimora"],"_links":{"self":[{"href":"https:\/\/ciaoup.it\/index.php?rest_route=\/wp\/v2\/posts\/73402","targetHints":{"allow":["GET"]}}],"collection":[{"href":"https:\/\/ciaoup.it\/index.php?rest_route=\/wp\/v2\/posts"}],"about":[{"href":"https:\/\/ciaoup.it\/index.php?rest_route=\/wp\/v2\/types\/post"}],"author":[{"embeddable":true,"href":"https:\/\/ciaoup.it\/index.php?rest_route=\/wp\/v2\/users\/3"}],"replies":[{"embeddable":true,"href":"https:\/\/ciaoup.it\/index.php?rest_route=%2Fwp%2Fv2%2Fcomments&post=73402"}],"version-history":[{"count":1,"href":"https:\/\/ciaoup.it\/index.php?rest_route=\/wp\/v2\/posts\/73402\/revisions"}],"predecessor-version":[{"id":73475,"href":"https:\/\/ciaoup.it\/index.php?rest_route=\/wp\/v2\/posts\/73402\/revisions\/73475"}],"wp:featuredmedia":[{"embeddable":true,"href":"https:\/\/ciaoup.it\/index.php?rest_route=\/wp\/v2\/media\/73403"}],"wp:attachment":[{"href":"https:\/\/ciaoup.it\/index.php?rest_route=%2Fwp%2Fv2%2Fmedia&parent=73402"}],"wp:term":[{"taxonomy":"category","embeddable":true,"href":"https:\/\/ciaoup.it\/index.php?rest_route=%2Fwp%2Fv2%2Fcategories&post=73402"},{"taxonomy":"post_tag","embeddable":true,"href":"https:\/\/ciaoup.it\/index.php?rest_route=%2Fwp%2Fv2%2Ftags&post=73402"}],"curies":[{"name":"wp","href":"https:\/\/api.w.org\/{rel}","templated":true}]}}