{"id":73387,"date":"2026-04-28T10:44:27","date_gmt":"2026-04-28T10:44:27","guid":{"rendered":"https:\/\/ciaoup.it\/?p=73387"},"modified":"2026-04-28T10:44:27","modified_gmt":"2026-04-28T10:44:27","slug":"laura-pausini-si-sente-male-ferma-il-concerto-e-si-fa-portare-lossigeno-sul-palco","status":"publish","type":"post","link":"https:\/\/ciaoup.it\/?p=73387","title":{"rendered":"Laura Pausini si sente male, ferma il concerto e si fa portare l&#8217;ossigeno sul palco"},"content":{"rendered":"<p> (Adnkronos) &#8211; Imprevisto per Laura Pausini durante il concerto a Quito, in Ecuador. La cantante non si sente bene e, a un certo punto, decide di fermarsi e farsi portare dell&#8217;ossigeno. Sul suo profilo Instagram ha condiviso il momento in cui, dietro le quinte, la sua assistente personale la aiuta a indossare la mascherina. Come mostrano altri video pubblicati online, Pausini torna subito sul palco, continuando a indossare la maschera d&#8217;ossigeno e poi chiede: &#8220;Si pu\u00f2 parlare mentre si indossa questa maschera, o \u00e8 meglio di no?&#8221;.\u00a0<\/p>\n<p>Con ogni probabilit\u00e0 sembra che il malore sia stato causato dall&#8217;altitudine. Quito, la capitale dell&#8217;Ecuador, si trova infatti a circa 2.850 metri sul livello del mare: per chi non \u00e8 abituato alla pressione atmosferica pi\u00f9 bassa e all&#8217;ossigeno ridotto nell&#8217;aria, conseguenze come vertigini e difficolt\u00e0 respiratorie sono comuni, specie dopo uno sforzo fisico come quello che richiede una lunga esibizione. \u00a0<\/p>\n<p>Dopo qualche momento di stop, in cui ha indossato la maschera per l&#8217;ossigeno, il concerto \u00e8 ripreso e la cantante ha ricominciato a cantare (in spagnolo) le sue hit. \u00a0<\/p>\n<p>&#8212;<\/p>\n<p>spettacoli<\/p>\n<p>webinfo@adnkronos.com (Web Info)<\/p>\n<div style=\"display:flex; gap:10px;justify-content:center\" class=\"wps-pgfw-pdf-generate-icon__wrapper-frontend\">\n\t\t<a  href=\"https:\/\/ciaoup.it?action=genpdf&amp;id=73387\" class=\"pgfw-single-pdf-download-button\" ><img src=\"https:\/\/ciaoup.it\/wp-content\/plugins\/pdf-generator-for-wp\/admin\/src\/images\/PDF_Tray.svg\" title=\"Generate PDF\" style=\"width:auto; height:45px;\"><\/a>\n\t\t<\/div>","protected":false},"excerpt":{"rendered":"<p>(Adnkronos) &#8211; Imprevisto per Laura Pausini durante il concerto a Quito, in Ecuador. La cantante&hellip;<\/p>\n","protected":false},"author":3,"featured_media":73388,"comment_status":"open","ping_status":"closed","sticky":false,"template":"","format":"standard","meta":{"footnotes":""},"categories":[12],"tags":[3],"class_list":["post-73387","post","type-post","status-publish","format-standard","has-post-thumbnail","hentry","category-comunicati","tag-ultimora"],"_links":{"self":[{"href":"https:\/\/ciaoup.it\/index.php?rest_route=\/wp\/v2\/posts\/73387","targetHints":{"allow":["GET"]}}],"collection":[{"href":"https:\/\/ciaoup.it\/index.php?rest_route=\/wp\/v2\/posts"}],"about":[{"href":"https:\/\/ciaoup.it\/index.php?rest_route=\/wp\/v2\/types\/post"}],"author":[{"embeddable":true,"href":"https:\/\/ciaoup.it\/index.php?rest_route=\/wp\/v2\/users\/3"}],"replies":[{"embeddable":true,"href":"https:\/\/ciaoup.it\/index.php?rest_route=%2Fwp%2Fv2%2Fcomments&post=73387"}],"version-history":[{"count":1,"href":"https:\/\/ciaoup.it\/index.php?rest_route=\/wp\/v2\/posts\/73387\/revisions"}],"predecessor-version":[{"id":73439,"href":"https:\/\/ciaoup.it\/index.php?rest_route=\/wp\/v2\/posts\/73387\/revisions\/73439"}],"wp:featuredmedia":[{"embeddable":true,"href":"https:\/\/ciaoup.it\/index.php?rest_route=\/wp\/v2\/media\/73388"}],"wp:attachment":[{"href":"https:\/\/ciaoup.it\/index.php?rest_route=%2Fwp%2Fv2%2Fmedia&parent=73387"}],"wp:term":[{"taxonomy":"category","embeddable":true,"href":"https:\/\/ciaoup.it\/index.php?rest_route=%2Fwp%2Fv2%2Fcategories&post=73387"},{"taxonomy":"post_tag","embeddable":true,"href":"https:\/\/ciaoup.it\/index.php?rest_route=%2Fwp%2Fv2%2Ftags&post=73387"}],"curies":[{"name":"wp","href":"https:\/\/api.w.org\/{rel}","templated":true}]}}