{"id":73301,"date":"2026-04-28T00:02:19","date_gmt":"2026-04-28T00:02:19","guid":{"rendered":"https:\/\/ciaoup.it\/?p=73301"},"modified":"2026-04-28T00:02:19","modified_gmt":"2026-04-28T00:02:19","slug":"torna-il-maltempo-piu-freddo-e-temporali-a-partire-da-oggi-quanto-dura","status":"publish","type":"post","link":"https:\/\/ciaoup.it\/?p=73301","title":{"rendered":"Torna il maltempo, pi\u00f9 freddo e temporali a partire da oggi: quanto dura"},"content":{"rendered":"<p> (Adnkronos) &#8211; Sole e caldo con i minuti contati. A partire da oggi, marted\u00ec 28 aprile, il meteo inverte la rotta per portare aria pi\u00f9 fresca, piogge e temporali facendo preoccupare chi, dopo la &#8216;bolla&#8217; quasi estiva del 25 aprile contava in un altrettanto assolato weekend lungo del 1\u00b0 maggio. Ma non tutto \u00e8 perduto.\u00a0<\/p>\n<p>&#8220;Il recente fine settimana &#8211; conferma all&#8217;Adnkronos  Mattia Gussoni, meteorologo de &#8216;iLMeteo.it&#8217; &#8211;  ha regalato all&#8217;Italia un assaggio d&#8217;estate decisamente precoce, con un quadro meteorologico dominato da una stabilit\u00e0 anticiclonica che ha spinto le temperature ben oltre i canoni stagionali. In diverse localit\u00e0 del Centro-Nord, le colonnine di mercurio hanno raggiunto picchi di 27-28 \u00b0C, registrando anomalie termiche positive fino a 8 \u00b0C rispetto alle medie climatologiche di riferimento. Tuttavia, questa bolla di calore sta per essere scalfita da un cambio di circolazione che riporter\u00e0 l&#8217;atmosfera verso una dinamica pi\u00f9 turbolenta e fresca&#8221;.\u00a0<\/p>\n<p>Gi\u00e0 da oggi &#8220;i primi segnali di cedimento si manifesteranno sotto forma di instabilit\u00e0 convettiva pomeridiana. L&#8217;energia termica accumulata nei bassi strati funger\u00e0 da carburante per lo sviluppo di celle temporalesche, concentrate inizialmente lungo l&#8217;arco alpino e la dorsale appenninica. La fase clou del peggioramento &#8211; spiega Gussoni &#8211; \u00e8 prevista per mercoled\u00ec 29 aprile, quando l&#8217;irruzione di correnti pi\u00f9 fredde provenienti da Nord-Est determiner\u00e0 una severa destabilizzazione della colonna d&#8217;aria. L&#8217;interazione tra l&#8217;aria fredda in quota e il calore latente presente sul bacino del Mediterraneo innescher\u00e0 contrasti termici significativi, favorendo la formazione di sistemi temporaleschi intensi. Tali manifestazioni saranno accompagnate da frequenti fulminazioni, forti raffiche di vento e locali grandinate, colpendo dapprima le regioni del Nord per poi estendersi alle regioni centrali appenniniche e alla Sardegna&#8221;.\u00a0<\/p>\n<p>&#8220;Nella giornata di gioved\u00ec 30 aprile, il fronte instabile scivoler\u00e0 progressivamente verso il Centro-Sud, portando con s\u00e9 piogge e un sensibile abbassamento delle temperature, che rientreranno in ranghi pi\u00f9 consoni al periodo. Parallelamente, le regioni settentrionali beneficeranno di un graduale miglioramento grazie al subentro di correnti pi\u00f9 secche che favoriranno ampi rasserenamenti. Questa fase di transizione si esaurir\u00e0 in vista del ponte del Primo Maggio: dopo gli ultimi fenomeni residui su Calabria e Sardegna, l&#8217;espansione di un nuovo promontorio di alta pressione garantir\u00e0 un ripristino della stabilit\u00e0 atmosferica su tutto il Paese, con un nuovo e deciso rialzo termico che ci accompagner\u00e0 verso condizioni climatiche nuovamente miti e gradevoli&#8221;.\u00a0<\/p>\n<p>&#8212;<\/p>\n<p>cronaca<\/p>\n<p>webinfo@adnkronos.com (Web Info)<\/p>\n<div style=\"display:flex; gap:10px;justify-content:center\" class=\"wps-pgfw-pdf-generate-icon__wrapper-frontend\">\n\t\t<a  href=\"https:\/\/ciaoup.it?action=genpdf&amp;id=73301\" class=\"pgfw-single-pdf-download-button\" ><img src=\"https:\/\/ciaoup.it\/wp-content\/plugins\/pdf-generator-for-wp\/admin\/src\/images\/PDF_Tray.svg\" title=\"Generate PDF\" style=\"width:auto; height:45px;\"><\/a>\n\t\t<\/div>","protected":false},"excerpt":{"rendered":"<p>(Adnkronos) &#8211; Sole e caldo con i minuti contati. A partire da oggi, marted\u00ec 28&hellip;<\/p>\n","protected":false},"author":3,"featured_media":73302,"comment_status":"open","ping_status":"closed","sticky":false,"template":"","format":"standard","meta":{"footnotes":""},"categories":[12],"tags":[3],"class_list":["post-73301","post","type-post","status-publish","format-standard","has-post-thumbnail","hentry","category-comunicati","tag-ultimora"],"_links":{"self":[{"href":"https:\/\/ciaoup.it\/index.php?rest_route=\/wp\/v2\/posts\/73301","targetHints":{"allow":["GET"]}}],"collection":[{"href":"https:\/\/ciaoup.it\/index.php?rest_route=\/wp\/v2\/posts"}],"about":[{"href":"https:\/\/ciaoup.it\/index.php?rest_route=\/wp\/v2\/types\/post"}],"author":[{"embeddable":true,"href":"https:\/\/ciaoup.it\/index.php?rest_route=\/wp\/v2\/users\/3"}],"replies":[{"embeddable":true,"href":"https:\/\/ciaoup.it\/index.php?rest_route=%2Fwp%2Fv2%2Fcomments&post=73301"}],"version-history":[{"count":1,"href":"https:\/\/ciaoup.it\/index.php?rest_route=\/wp\/v2\/posts\/73301\/revisions"}],"predecessor-version":[{"id":73304,"href":"https:\/\/ciaoup.it\/index.php?rest_route=\/wp\/v2\/posts\/73301\/revisions\/73304"}],"wp:featuredmedia":[{"embeddable":true,"href":"https:\/\/ciaoup.it\/index.php?rest_route=\/wp\/v2\/media\/73302"}],"wp:attachment":[{"href":"https:\/\/ciaoup.it\/index.php?rest_route=%2Fwp%2Fv2%2Fmedia&parent=73301"}],"wp:term":[{"taxonomy":"category","embeddable":true,"href":"https:\/\/ciaoup.it\/index.php?rest_route=%2Fwp%2Fv2%2Fcategories&post=73301"},{"taxonomy":"post_tag","embeddable":true,"href":"https:\/\/ciaoup.it\/index.php?rest_route=%2Fwp%2Fv2%2Ftags&post=73301"}],"curies":[{"name":"wp","href":"https:\/\/api.w.org\/{rel}","templated":true}]}}