{"id":73278,"date":"2026-04-27T21:02:00","date_gmt":"2026-04-27T21:02:00","guid":{"rendered":"https:\/\/ciaoup.it\/?p=73278"},"modified":"2026-04-27T21:02:00","modified_gmt":"2026-04-27T21:02:00","slug":"attacco-a-washington-contro-trump-allen-accusato-di-tentato-omicidio","status":"publish","type":"post","link":"https:\/\/ciaoup.it\/?p=73278","title":{"rendered":"Attacco a Washington contro Trump, Allen accusato di tentato omicidio"},"content":{"rendered":"<p> (Adnkronos) &#8211; Cole Tomas Allen, l&#8217;uomo arrestato per l&#8217;attacco alla cena dei corrispondenti della Casa Bianca a cui partecipava Donald Trump, \u00e8 stato accusato di aver tentato di assassinare il presidente degli Stati Uniti. Lo ha annunciato il giudice Matthew Sharbaugh davanti al quale l&#8217;uomo oggi \u00e8 comparso per la formalizzazione delle accuse. Allen \u00e8 stato anche incriminato per reati connessi al possesso di armi. L&#8217;accusa di tentato omicidio del presidente pu\u00f2 portare alla condanna all&#8217;ergastolo, osserva il New York Times. \u00a0<\/p>\n<p>Il procuratore federale Jocelyn Ballantine ha detto al giudice che Allen \u00e8 arrivato a Washington armato di un fucile a pompa, una pistola semiautomatica e tre coltelli con l&#8217;intenzione di compiere un assassinio politico. Allen \u00e8 apparso calmo, in apertura dell&#8217;udienza ha dato le sue generalit\u00e0, la sua et\u00e0 e ha aggiunto di avere un Master in Computer Science. &#8220;Mr Allen non ha precedenti arresti o condanne, al momento bisogna presumere la sua innocenza&#8221;, ha detto l&#8217;avvocato della difesa, Tezira Abe, mentre Allen non si \u00e8 dichiarato colpevole o innocente prima della conclusione della breve udienza. \u00a0<\/p>\n<p>Il giudice ha fissato una nuova udienza gioved\u00ec per decidere se Allen aspetter\u00e0 il processo in detenzione, mentre la prima udienza preliminare \u00e8 stata fissata per l&#8217;11 maggio.\u00a0<\/p>\n<p>&#8212;<\/p>\n<p>internazionale\/esteri<\/p>\n<p>webinfo@adnkronos.com (Web Info)<\/p>\n<div style=\"display:flex; gap:10px;justify-content:center\" class=\"wps-pgfw-pdf-generate-icon__wrapper-frontend\">\n\t\t<a  href=\"https:\/\/ciaoup.it?action=genpdf&amp;id=73278\" class=\"pgfw-single-pdf-download-button\" ><img src=\"https:\/\/ciaoup.it\/wp-content\/plugins\/pdf-generator-for-wp\/admin\/src\/images\/PDF_Tray.svg\" title=\"Generate PDF\" style=\"width:auto; height:45px;\"><\/a>\n\t\t<\/div>","protected":false},"excerpt":{"rendered":"<p>(Adnkronos) &#8211; Cole Tomas Allen, l&#8217;uomo arrestato per l&#8217;attacco alla cena dei corrispondenti della Casa&hellip;<\/p>\n","protected":false},"author":3,"featured_media":73279,"comment_status":"open","ping_status":"closed","sticky":false,"template":"","format":"standard","meta":{"footnotes":""},"categories":[12],"tags":[3],"class_list":["post-73278","post","type-post","status-publish","format-standard","has-post-thumbnail","hentry","category-comunicati","tag-ultimora"],"_links":{"self":[{"href":"https:\/\/ciaoup.it\/index.php?rest_route=\/wp\/v2\/posts\/73278","targetHints":{"allow":["GET"]}}],"collection":[{"href":"https:\/\/ciaoup.it\/index.php?rest_route=\/wp\/v2\/posts"}],"about":[{"href":"https:\/\/ciaoup.it\/index.php?rest_route=\/wp\/v2\/types\/post"}],"author":[{"embeddable":true,"href":"https:\/\/ciaoup.it\/index.php?rest_route=\/wp\/v2\/users\/3"}],"replies":[{"embeddable":true,"href":"https:\/\/ciaoup.it\/index.php?rest_route=%2Fwp%2Fv2%2Fcomments&post=73278"}],"version-history":[{"count":1,"href":"https:\/\/ciaoup.it\/index.php?rest_route=\/wp\/v2\/posts\/73278\/revisions"}],"predecessor-version":[{"id":73292,"href":"https:\/\/ciaoup.it\/index.php?rest_route=\/wp\/v2\/posts\/73278\/revisions\/73292"}],"wp:featuredmedia":[{"embeddable":true,"href":"https:\/\/ciaoup.it\/index.php?rest_route=\/wp\/v2\/media\/73279"}],"wp:attachment":[{"href":"https:\/\/ciaoup.it\/index.php?rest_route=%2Fwp%2Fv2%2Fmedia&parent=73278"}],"wp:term":[{"taxonomy":"category","embeddable":true,"href":"https:\/\/ciaoup.it\/index.php?rest_route=%2Fwp%2Fv2%2Fcategories&post=73278"},{"taxonomy":"post_tag","embeddable":true,"href":"https:\/\/ciaoup.it\/index.php?rest_route=%2Fwp%2Fv2%2Ftags&post=73278"}],"curies":[{"name":"wp","href":"https:\/\/api.w.org\/{rel}","templated":true}]}}