{"id":73267,"date":"2026-04-27T19:31:04","date_gmt":"2026-04-27T19:31:04","guid":{"rendered":"https:\/\/ciaoup.it\/?p=73267"},"modified":"2026-04-27T19:31:04","modified_gmt":"2026-04-27T19:31:04","slug":"caro-carburanti-e-allarme-trasporto-pubblico-locale-rischio-stop-da-nord-a-sud","status":"publish","type":"post","link":"https:\/\/ciaoup.it\/?p=73267","title":{"rendered":"Caro carburanti, \u00e8 allarme trasporto pubblico locale: rischio stop da nord a sud"},"content":{"rendered":"<p> (Adnkronos) &#8211;<br \/>\nIl caro carburanti rischia di lasciare a terra il trasporto pubblico locale. La stessa Agens, l\u2019Associazione che rappresenta gli interessi del settore dei trasporti e dei servizi nel sistema di Confindustria, ha rilevato che l&#8217;attuale crisi ha generato molti aggravi economici per il tpl (oneri giornalieri aggiuntivi stimati in 0,54 milioni di euro per il solo combustibile diesel; extracosto annuo prospettico di oltre 200 milioni di euro e, infine, l\u2019extracosto complessivo del settore che \u00e8 di oltre 400 milioni di euro, includendo il trasporto commerciale operato con il restante 47% della flotta nazionale). Questo scenario sta portando in sofferenza le aziende del settore che rischiano di dover tagliare servizi o peggio ancora fermarsi&#8221;. Per questo si chiede &#8220;al Governo l\u2019opportunit\u00e0 di estendere il credito d&#8217;imposta anche ai veicoli adibiti al trasporto passeggeri al fine di compensare gli extracosti energetici&#8221;. \u00a0<\/p>\n<p>All&#8217;appello di Agens si uniscono, dal Nord al Sud, anche i Comuni. &#8220;Il caro carburanti &#8211; dice, all&#8217;Adnkronos\/Labitalia, l&#8217;assessore alla Mobilit\u00e0 del Comune di Roma, Eugenio Patan\u00e8 &#8211; incide sul trasporto pubblico locale in termini di costi, che diventano maggiori. Anche se negli ultimi anni non pesa pi\u00f9 come prima, perch\u00e9 il parco tpl \u00e8 equamente diviso tra 30% metano, 30% ibridi, 30% elettrici. In ogni caso, non influisce sulla sicurezza che funzioni il servizio&#8221;.  \u00a0<\/p>\n<p>&#8220;Il trasporto pubblico- spiega all&#8217;Adnkronos\/Labitalia Edoardo Cosenza, assessore alle Infrastrutture, Mobilit\u00e0 e Protezione Civile del Comune di Napoli &#8211; \u00e8 energivoro e quindi il caro carburante sicuramente influir\u00e0 sui costi del sistema dei trasporti pubblici locali. Stiamo parlando di un servizio dove la biglietteria copre un terzo dei costi. Speriamo in un aiuto del governo e della Regione, per non dover andare a tagliare gli orari perch\u00e9 si tratta di un servizio per il cittadino&#8221;. \u00a0<\/p>\n<p>&#8220;Noi come Comuni &#8211; sottolinea &#8211; attraverso l&#8217;Anci faremo sicuramente delle proposte per aiutare il sistema dei trasporti, magari con un mix di fondi tra il governo e la Regione, se possibile. L&#8217;ultima cosa che vogliamo fare \u00e8 aumentare il costo dei biglietti. Napoli ha un costo dei biglietti particolarmente basso: la metropolitana costa 1,50 centesimi e il bus 1,30 centesimi. Ovviamente non vogliamo neanche ridurre il servizio, certo per\u00f2 dobbiamo vedere quanto dura la crisi&#8221;.\u00a0<\/p>\n<p>Il vero banco di prova sar\u00e0 il secondo trimestre dell&#8217;anno. Anche l&#8217;Amat, l&#8217;azienda di trasporto pubblico urbano di Palermo, fa i conti con il caro carburante. Un&#8217;impennata, quella dei costi energetici legati alla crisi internazionale, che a livello nazionale \u00e8 calcolata in oltre 20 milioni di euro ogni mese, e che per la societ\u00e0 di via Roccazzo potrebbe tradursi nei prossimi mesi in un incremento percentuale a doppia cifra. Nel primo trimestre dell&#8217;anno la spesa per la voce energia per la societ\u00e0 in house del Comune di Palermo \u00e8 stata di un milione e 848mila euro, appena 6mila euro in pi\u00f9 rispetto al 2025, ma gli effetti dei rincari sono attesi nei prossimi mesi. &#8220;Al momento \u00e8 possibile solo fare delle ipotesi, secondo le nostre stime l&#8217;aumento sar\u00e0 del 20-25%&#8221;, dice all&#8217;Adnkronos il presidente dell\u2019azienda cittadina dei trasporti, Giuseppe Mistretta, per il quale, al di l\u00e0 dell&#8217;evoluzione del conflitto in Medio Oriente, per\u00f2, resta un dato con cui fare i conti. Da subito.\u00a0<\/p>\n<p>&#8220;La politica di approvvigionamento energetico delle aziende di trasporto pubblico urbano &#8211; dice &#8211; deve passare attraverso una indispensabile transizione energetica, che guardi alle fonti alternative e che permetta alle imprese del comparto di diventare autoproduttrici. Insomma, sia che questa guerra termini presto, come ci auguriamo tutti, sia che si protragga, il dato \u00e8 tratto: le aziende devono dotarsi di politiche che permettano di diventare autoproduttrici, perch\u00e9 certamente siamo un comparto molto energivoro&#8221;. Oggi l&#8217;Amat punta all&#8217;elettrico.&#8221;Il 50% dei nostri bus lo \u00e8 ed entro un paio di mesi raggiungeremo la soglia del 60% su una flotta di 300 autobus &#8211; assicura Mistretta -. Stiamo andando avanti velocemente su questo fronte, sostituendo i vecchi mezzi. Il tema, per\u00f2, lo ribadisco, \u00e8 innanzitutto diventare produttori di energia e, in secondo luogo, approcciarsi a un sistema logistico diverso, che diventa fondamentale nel caso di mezzi elettrici, prevedendo, ad esempio, delle aree di sosta per i bus in diverse zone della citt\u00e0&#8221;.\u00a0<\/p>\n<p>Di fronte a un scenario internazionale incerto, per\u00f2, per il presidente di Amat l&#8217;orizzonte non \u00e8 fosco. &#8220;I risultati conseguiti in questi anni dall&#8217;azienda, grazie soprattutto all&#8217;introduzione di efficaci politiche commerciali, hanno dimostrato il potenziale inespresso della societ\u00e0. Ecco perch\u00e9 riteniamo che questa crisi energetica ci metter\u00e0 sicuramente a dura prova, ma non al punto da mettere a rischio la tenuta dell&#8217;azienda&#8221;. Insomma, conti al sicuro e servizi garantiti.\u00a0<\/p>\n<p>\u00a0<\/p>\n<p>&#8212;<\/p>\n<p>lavoro\/dati<\/p>\n<p>webinfo@adnkronos.com (Web Info)<\/p>\n<div style=\"display:flex; gap:10px;justify-content:center\" class=\"wps-pgfw-pdf-generate-icon__wrapper-frontend\">\n\t\t<a  href=\"https:\/\/ciaoup.it?action=genpdf&amp;id=73267\" class=\"pgfw-single-pdf-download-button\" ><img src=\"https:\/\/ciaoup.it\/wp-content\/plugins\/pdf-generator-for-wp\/admin\/src\/images\/PDF_Tray.svg\" title=\"Generate PDF\" style=\"width:auto; height:45px;\"><\/a>\n\t\t<\/div>","protected":false},"excerpt":{"rendered":"<p>(Adnkronos) &#8211; Il caro carburanti rischia di lasciare a terra il trasporto pubblico locale. La&hellip;<\/p>\n","protected":false},"author":3,"featured_media":73268,"comment_status":"open","ping_status":"closed","sticky":false,"template":"","format":"standard","meta":{"footnotes":""},"categories":[12],"tags":[3],"class_list":["post-73267","post","type-post","status-publish","format-standard","has-post-thumbnail","hentry","category-comunicati","tag-ultimora"],"_links":{"self":[{"href":"https:\/\/ciaoup.it\/index.php?rest_route=\/wp\/v2\/posts\/73267","targetHints":{"allow":["GET"]}}],"collection":[{"href":"https:\/\/ciaoup.it\/index.php?rest_route=\/wp\/v2\/posts"}],"about":[{"href":"https:\/\/ciaoup.it\/index.php?rest_route=\/wp\/v2\/types\/post"}],"author":[{"embeddable":true,"href":"https:\/\/ciaoup.it\/index.php?rest_route=\/wp\/v2\/users\/3"}],"replies":[{"embeddable":true,"href":"https:\/\/ciaoup.it\/index.php?rest_route=%2Fwp%2Fv2%2Fcomments&post=73267"}],"version-history":[{"count":1,"href":"https:\/\/ciaoup.it\/index.php?rest_route=\/wp\/v2\/posts\/73267\/revisions"}],"predecessor-version":[{"id":73282,"href":"https:\/\/ciaoup.it\/index.php?rest_route=\/wp\/v2\/posts\/73267\/revisions\/73282"}],"wp:featuredmedia":[{"embeddable":true,"href":"https:\/\/ciaoup.it\/index.php?rest_route=\/wp\/v2\/media\/73268"}],"wp:attachment":[{"href":"https:\/\/ciaoup.it\/index.php?rest_route=%2Fwp%2Fv2%2Fmedia&parent=73267"}],"wp:term":[{"taxonomy":"category","embeddable":true,"href":"https:\/\/ciaoup.it\/index.php?rest_route=%2Fwp%2Fv2%2Fcategories&post=73267"},{"taxonomy":"post_tag","embeddable":true,"href":"https:\/\/ciaoup.it\/index.php?rest_route=%2Fwp%2Fv2%2Ftags&post=73267"}],"curies":[{"name":"wp","href":"https:\/\/api.w.org\/{rel}","templated":true}]}}