{"id":73226,"date":"2026-04-27T17:09:29","date_gmt":"2026-04-27T17:09:29","guid":{"rendered":"https:\/\/ciaoup.it\/?p=73226"},"modified":"2026-04-27T17:09:29","modified_gmt":"2026-04-27T17:09:29","slug":"mare-fuori-6-slitta-ancora-arriva-il-29-aprile-su-rai2-cast-e-trama","status":"publish","type":"post","link":"https:\/\/ciaoup.it\/?p=73226","title":{"rendered":"&#8216;Mare Fuori 6&#8217; slitta ancora, arriva il 29 aprile su Rai2: cast e trama"},"content":{"rendered":"<p> (Adnkronos) &#8211; La messa in onda della sesta stagione di &#8216;Mare Fuori&#8217; slitta ancora. Inizialmente prevista su Rai2 per l\u201911 marzo, poi rinviata al 22 aprile, la serie debutter\u00e0 invece mercoled\u00ec 29 aprile. La puntata finale \u00e8 fissata per il 3 giugno. \u00a0<\/p>\n<p>L\u2019Ipm di Napoli torna con le storie dei giovani detenuti che cercano di trovare la loro strada tra le sfide e le ombre della reclusione e la luce del mondo esterno. Al centro delle vicende c\u2019\u00e8 ancora Rosa Ricci (Maria Esposito), l\u2019ultima e invidiatissima erede del boss don Salvatore, che navigher\u00e0 tra complessi conflitti familiari, vendette incrociate del clan Di Salvo e la ricerca di un domani fatto di redenzione. L\u2019arrivo tra le detenute di tre sorelle assetate di potere alimenter\u00e0 dinamiche e storie segnate dal crimine, ma anche dalla possibilit\u00e0 di invertire la rotta. Tra i nuovi ingressi anche Stella (interpretata dalla new entry Virginia Bocelli, figlia del tenore Andrea), una ragazza di buona famiglia che ha commesso un errore imperdonabile, e una giovane detenuta straniera dal passato misterioso. Parallelamente, altri ragazzi affronteranno le conseguenze delle proprie azioni, costruiranno relazioni significative e lotteranno per un futuro diverso, mentre le pressioni e i pericoli del loro ambiente di origine continueranno a minacciarli.\u00a0<\/p>\n<p>La serie &#8211; una coproduzione Rai Fiction\u2013Picomedia &#8211; nasce da un\u2019idea di Cristiana Farina, che insieme a Maurizio Careddu firma anche il soggetto originale. Alla regia si alternano Beniamino Catena e Francesca Amitrano, che dirigono Carmine Recano (Massimo O&#8217;Comandante), Lucrezia Guidone (Sofia Durante), Maria Esposito (Rosa Ricci), Vincenzo Ferrera (Beppe), Giovanna Sannino (Carmela Valestro), Alfonso Capuozzo (Simone), Manuele Velo (Tommaso), Antonia Truppo (Maria Ricci),  Virginia Bocelli (Stella), Francesco Panarella (Luigi Di Meo &#8220;Cucciolo&#8221;), Giuseppe Pirozzi (Raffaele Di Meo &#8220;Micciarella&#8221;), Salahudin Tidjani Imrana (Diego &#8220;Dobermann&#8221;), Artem (Pino O&#8217;Pazzo) e Yeva Sai (Alina).\u00a0<\/p>\n<p>\u00a0<\/p>\n<p>Nella prima puntata saranno trasmessi i primi due episodi. Ne &#8216;La legge del pi\u00f9 forte&#8217; Simone e Carmela si incontrano in ospedale dove sono accorsi per avere notizie di Rosa e Tommaso. I due fanno conoscenza e la donna gli rivela qualche segreto di troppo. In IPM tutti si interrogano su chi possa essere stato ad attentare alla vita di Rosa. Tre sorelle con ambizioni criminali legate a Carmela entrano nell\u2019IPM alterandone gli equilibri. Simone ha preso in mano le redini del clan di Salvo ma qualcuno non sembra essere d\u2019accordo. Sofia \u00e8 angosciata per la fuga della figlia che, insieme ai milanesi, ha fatto perdere le sue tracce. Cucciolo e Micciarella sono in pena per le sorti della madre. Dobermann vuole riconquistare Sonia che non appare disposta a perdonarlo. Il rapporto tra Massimo e Maria diventa sempre pi\u00f9 stretto. Una sorpresa scuote l\u2019amore tra Alina e Pino. \u00a0<\/p>\n<p>Nel secondo episodio, dal titolo &#8216;Una colpa da espiare&#8217;, Tommaso e Rosa si confrontano su quanto accaduto e il ragazzo ha un sospetto su chi possa essere il killer. Simone, in tribunale per un\u2019udienza, incontra di nascosto qualcuno di inaspettato. Massimo cerca di convincere Rosa a cambiare vita. Alina e Pino devono fronteggiare un grande problema che mette a dura prova il loro rapporto. Angelo riflette sulla decisione di proteggere sua sorella.\u00a0<\/p>\n<p>&#8212;<\/p>\n<p>spettacoli<\/p>\n<p>webinfo@adnkronos.com (Web Info)<\/p>\n<div style=\"display:flex; gap:10px;justify-content:center\" class=\"wps-pgfw-pdf-generate-icon__wrapper-frontend\">\n\t\t<a  href=\"https:\/\/ciaoup.it?action=genpdf&amp;id=73226\" class=\"pgfw-single-pdf-download-button\" ><img src=\"https:\/\/ciaoup.it\/wp-content\/plugins\/pdf-generator-for-wp\/admin\/src\/images\/PDF_Tray.svg\" title=\"Generate PDF\" style=\"width:auto; height:45px;\"><\/a>\n\t\t<\/div>","protected":false},"excerpt":{"rendered":"<p>(Adnkronos) &#8211; La messa in onda della sesta stagione di &#8216;Mare Fuori&#8217; slitta ancora. Inizialmente&hellip;<\/p>\n","protected":false},"author":3,"featured_media":73227,"comment_status":"open","ping_status":"closed","sticky":false,"template":"","format":"standard","meta":{"footnotes":""},"categories":[12],"tags":[3],"class_list":["post-73226","post","type-post","status-publish","format-standard","has-post-thumbnail","hentry","category-comunicati","tag-ultimora"],"_links":{"self":[{"href":"https:\/\/ciaoup.it\/index.php?rest_route=\/wp\/v2\/posts\/73226","targetHints":{"allow":["GET"]}}],"collection":[{"href":"https:\/\/ciaoup.it\/index.php?rest_route=\/wp\/v2\/posts"}],"about":[{"href":"https:\/\/ciaoup.it\/index.php?rest_route=\/wp\/v2\/types\/post"}],"author":[{"embeddable":true,"href":"https:\/\/ciaoup.it\/index.php?rest_route=\/wp\/v2\/users\/3"}],"replies":[{"embeddable":true,"href":"https:\/\/ciaoup.it\/index.php?rest_route=%2Fwp%2Fv2%2Fcomments&post=73226"}],"version-history":[{"count":1,"href":"https:\/\/ciaoup.it\/index.php?rest_route=\/wp\/v2\/posts\/73226\/revisions"}],"predecessor-version":[{"id":73256,"href":"https:\/\/ciaoup.it\/index.php?rest_route=\/wp\/v2\/posts\/73226\/revisions\/73256"}],"wp:featuredmedia":[{"embeddable":true,"href":"https:\/\/ciaoup.it\/index.php?rest_route=\/wp\/v2\/media\/73227"}],"wp:attachment":[{"href":"https:\/\/ciaoup.it\/index.php?rest_route=%2Fwp%2Fv2%2Fmedia&parent=73226"}],"wp:term":[{"taxonomy":"category","embeddable":true,"href":"https:\/\/ciaoup.it\/index.php?rest_route=%2Fwp%2Fv2%2Fcategories&post=73226"},{"taxonomy":"post_tag","embeddable":true,"href":"https:\/\/ciaoup.it\/index.php?rest_route=%2Fwp%2Fv2%2Ftags&post=73226"}],"curies":[{"name":"wp","href":"https:\/\/api.w.org\/{rel}","templated":true}]}}