{"id":73181,"date":"2026-04-27T14:57:56","date_gmt":"2026-04-27T14:57:56","guid":{"rendered":"https:\/\/ciaoup.it\/?p=73181"},"modified":"2026-04-27T14:57:56","modified_gmt":"2026-04-27T14:57:56","slug":"conferito-alla-bcc-mediocrati-il-riconoscimento-del-registro-nazionale-imprese-storiche-unioncamere","status":"publish","type":"post","link":"https:\/\/ciaoup.it\/?p=73181","title":{"rendered":"Conferito alla BCC Mediocrati il riconoscimento del Registro nazionale imprese storiche Unioncamere"},"content":{"rendered":"<p>COMUNICATO STAMPA &#8211; CONTENUTO PROMOZIONALE<\/p>\n<p>\nCosenza, 27 aprile 2026 \u2013 La Camera di Commercio di Cosenza ha conferito alla BCC Mediocrati l\u2019attestato di iscrizione al Registro nazionale delle Imprese Storiche di Unioncamere, prestigioso riconoscimento riservato alle realt\u00e0 italiane con almeno 100 anni di attivit\u00e0 continuativa.<br \/>\n\u00a0<\/p>\n<p>\u00a0<\/p>\n<p>La cerimonia si \u00e8 svolta subito dopo la riunione del Consiglio camerale, alla presenza dei consiglieri e del Collegio dei revisori dei conti, nonch\u00e9 degli esponenti del Consiglio di amministrazione (direttore, vicedirettore, revisori, segretario generale) della BCC Mediocrati. Il riconoscimento \u00e8 stato conferito al presidente della BCC Mediocrati, Nicola Paldino, componente del Consiglio camerale in rappresentanza del settore bancario.\u00a0<\/p>\n<p>\u00a0<\/p>\n<p>\nFondata nel 1906, la BCC Mediocrati celebra 120 anni di storia, rappresentando un punto di riferimento per il credito cooperativo e per lo sviluppo economico del territorio. Nel corso dell\u2019evento \u00e8 stato proiettato un video che ha ripercorso le tappe principali della storia della banca, dalle origini fino ai giorni nostri.\u00a0<\/p>\n<p>\u00a0<\/p>\n<p>Il presidente della Camera di Commercio di Cosenza, Klaus Algieri, insieme al Segretario generale Erminia Giorno e ai componenti del Consiglio camerale, ha espresso grande soddisfazione per il riconoscimento conferito:\u00a0<\/p>\n<p> \u201cSiamo orgogliosi di premiare una realt\u00e0 che rappresenta l\u2019economia reale del territorio e che, nel tempo, ha saputo coniugare tradizione e innovazione\u201d.\u00a0<\/p>\n<p>\u00a0<\/p>\n<p>\u201cQuesta banca \u00e8 della comunit\u00e0, \u00e8 della gente, \u00e8 del territorio\u201d, ha dichiarato il presidente Nicola Paldino, sottolineando il legame profondo dell\u2019istituto con il contesto sociale ed economico in cui opera.\u00a0<\/p>\n<p>\u00a0<\/p>\n<p>Il Registro nazionale delle Imprese Storiche, istituito da Unioncamere, valorizza le imprese italiane che hanno saputo mantenere nel tempo continuit\u00e0 operativa, identit\u00e0 e radicamento territoriale. Il Registro \u00e8 consultabile online e rappresenta uno strumento di tutela e promozione del patrimonio imprenditoriale storico del Paese.\u00a0<\/p>\n<p>\nContatti:<br \/>\nCamera Commercio di Cosenza<br \/>\ncomunicazione@cs.camcom.it<br \/>\n\u00a0<\/p>\n<\/p>\n<p>COMUNICATO STAMPA &#8211; CONTENUTO PROMOZIONALE<\/p>\n<p>Responsabilit\u00e0 editoriale di Camera Commercio di Cosenza<\/p>\n<p>&#8212;<\/p>\n<p>immediapress<\/p><\/p>\n<div style=\"display:flex; gap:10px;justify-content:center\" class=\"wps-pgfw-pdf-generate-icon__wrapper-frontend\">\n\t\t<a  href=\"https:\/\/ciaoup.it?action=genpdf&amp;id=73181\" class=\"pgfw-single-pdf-download-button\" ><img src=\"https:\/\/ciaoup.it\/wp-content\/plugins\/pdf-generator-for-wp\/admin\/src\/images\/PDF_Tray.svg\" title=\"Generate PDF\" style=\"width:auto; height:45px;\"><\/a>\n\t\t<\/div>","protected":false},"excerpt":{"rendered":"<p>COMUNICATO STAMPA &#8211; CONTENUTO PROMOZIONALE Cosenza, 27 aprile 2026 \u2013 La Camera di Commercio di&hellip;<\/p>\n","protected":false},"author":3,"featured_media":73182,"comment_status":"open","ping_status":"closed","sticky":false,"template":"","format":"standard","meta":{"footnotes":""},"categories":[12],"tags":[23],"class_list":["post-73181","post","type-post","status-publish","format-standard","has-post-thumbnail","hentry","category-comunicati","tag-immediapress"],"_links":{"self":[{"href":"https:\/\/ciaoup.it\/index.php?rest_route=\/wp\/v2\/posts\/73181","targetHints":{"allow":["GET"]}}],"collection":[{"href":"https:\/\/ciaoup.it\/index.php?rest_route=\/wp\/v2\/posts"}],"about":[{"href":"https:\/\/ciaoup.it\/index.php?rest_route=\/wp\/v2\/types\/post"}],"author":[{"embeddable":true,"href":"https:\/\/ciaoup.it\/index.php?rest_route=\/wp\/v2\/users\/3"}],"replies":[{"embeddable":true,"href":"https:\/\/ciaoup.it\/index.php?rest_route=%2Fwp%2Fv2%2Fcomments&post=73181"}],"version-history":[{"count":1,"href":"https:\/\/ciaoup.it\/index.php?rest_route=\/wp\/v2\/posts\/73181\/revisions"}],"predecessor-version":[{"id":73207,"href":"https:\/\/ciaoup.it\/index.php?rest_route=\/wp\/v2\/posts\/73181\/revisions\/73207"}],"wp:featuredmedia":[{"embeddable":true,"href":"https:\/\/ciaoup.it\/index.php?rest_route=\/wp\/v2\/media\/73182"}],"wp:attachment":[{"href":"https:\/\/ciaoup.it\/index.php?rest_route=%2Fwp%2Fv2%2Fmedia&parent=73181"}],"wp:term":[{"taxonomy":"category","embeddable":true,"href":"https:\/\/ciaoup.it\/index.php?rest_route=%2Fwp%2Fv2%2Fcategories&post=73181"},{"taxonomy":"post_tag","embeddable":true,"href":"https:\/\/ciaoup.it\/index.php?rest_route=%2Fwp%2Fv2%2Ftags&post=73181"}],"curies":[{"name":"wp","href":"https:\/\/api.w.org\/{rel}","templated":true}]}}