{"id":73159,"date":"2026-04-27T14:34:01","date_gmt":"2026-04-27T14:34:01","guid":{"rendered":"https:\/\/ciaoup.it\/?p=73159"},"modified":"2026-04-27T14:34:01","modified_gmt":"2026-04-27T14:34:01","slug":"inter-infortunio-per-calhanoglu-finale-coppa-italia-a-rischio-stagione-finita","status":"publish","type":"post","link":"https:\/\/ciaoup.it\/?p=73159","title":{"rendered":"Inter, infortunio per Calhanoglu: finale Coppa Italia a rischio, stagione finita?"},"content":{"rendered":"<p> (Adnkronos) &#8211;<br \/>\nStagione finita per Hakan Calhanoglu? Il centrocampista dell&#8217;Inter ha riportato un infortunio alla gamba sinistra che lo ha costretto a saltare la trasferta di Torino, valida per la 34esima giornata di Serie A, ma che potrebbe essere pi\u00f9 serio del previsto. Oggi, luned\u00ec 27 aprile, il giocatore turco \u00e8 stato sottoposto a esami strumentali che hanno infatti evidenziato un risentimento muscolare al soleo della gamba sinistra.\u00a0<\/p>\n<p>A comunicarlo \u00e8 stata l&#8217;Inter con una nota pubblicata sui propri canali ufficiali: &#8220;Hakan Calhanoglu si \u00e8 sottoposto questa mattina a esami strumentali presso l\u2019Istituto Clinico Humanitas di Rozzano&#8221;, ha scritto il club nerazzurro, &#8220;gli esami hanno evidenziato un risentimento muscolare al soleo della gamba sinistra. La sua situazione sar\u00e0 valutata nei prossimi giorni&#8221;.\u00a0<\/p>\n<p>Calhanoglu salter\u00e0 quindi sicuramente la prossima partita casalinga contro il Parma che, in caso di vittoria, potrebbe assegnare lo scudetto all&#8217;Inter, ma potrebbe essere assente anche per le successive partite contro la Lazio, prima la trasferta di campionato e poi la finale di Coppa Italia in programma il 13 maggio. In dubbio anche le ultime giornate di Serie A contro Verona e Bologna, con Calhanoglu che punta a recuperare per i Mondiali.\u00a0<\/p>\n<p>\u00a0<\/p>\n<p>&#8212;<\/p>\n<p>sport<\/p>\n<p>webinfo@adnkronos.com (Web Info)<\/p>\n<div style=\"display:flex; gap:10px;justify-content:center\" class=\"wps-pgfw-pdf-generate-icon__wrapper-frontend\">\n\t\t<a  href=\"https:\/\/ciaoup.it?action=genpdf&amp;id=73159\" class=\"pgfw-single-pdf-download-button\" ><img src=\"https:\/\/ciaoup.it\/wp-content\/plugins\/pdf-generator-for-wp\/admin\/src\/images\/PDF_Tray.svg\" title=\"Generate PDF\" style=\"width:auto; height:45px;\"><\/a>\n\t\t<\/div>","protected":false},"excerpt":{"rendered":"<p>(Adnkronos) &#8211; Stagione finita per Hakan Calhanoglu? Il centrocampista dell&#8217;Inter ha riportato un infortunio alla&hellip;<\/p>\n","protected":false},"author":3,"featured_media":73160,"comment_status":"open","ping_status":"closed","sticky":false,"template":"","format":"standard","meta":{"footnotes":""},"categories":[12],"tags":[3],"class_list":["post-73159","post","type-post","status-publish","format-standard","has-post-thumbnail","hentry","category-comunicati","tag-ultimora"],"_links":{"self":[{"href":"https:\/\/ciaoup.it\/index.php?rest_route=\/wp\/v2\/posts\/73159","targetHints":{"allow":["GET"]}}],"collection":[{"href":"https:\/\/ciaoup.it\/index.php?rest_route=\/wp\/v2\/posts"}],"about":[{"href":"https:\/\/ciaoup.it\/index.php?rest_route=\/wp\/v2\/types\/post"}],"author":[{"embeddable":true,"href":"https:\/\/ciaoup.it\/index.php?rest_route=\/wp\/v2\/users\/3"}],"replies":[{"embeddable":true,"href":"https:\/\/ciaoup.it\/index.php?rest_route=%2Fwp%2Fv2%2Fcomments&post=73159"}],"version-history":[{"count":1,"href":"https:\/\/ciaoup.it\/index.php?rest_route=\/wp\/v2\/posts\/73159\/revisions"}],"predecessor-version":[{"id":73204,"href":"https:\/\/ciaoup.it\/index.php?rest_route=\/wp\/v2\/posts\/73159\/revisions\/73204"}],"wp:featuredmedia":[{"embeddable":true,"href":"https:\/\/ciaoup.it\/index.php?rest_route=\/wp\/v2\/media\/73160"}],"wp:attachment":[{"href":"https:\/\/ciaoup.it\/index.php?rest_route=%2Fwp%2Fv2%2Fmedia&parent=73159"}],"wp:term":[{"taxonomy":"category","embeddable":true,"href":"https:\/\/ciaoup.it\/index.php?rest_route=%2Fwp%2Fv2%2Fcategories&post=73159"},{"taxonomy":"post_tag","embeddable":true,"href":"https:\/\/ciaoup.it\/index.php?rest_route=%2Fwp%2Fv2%2Ftags&post=73159"}],"curies":[{"name":"wp","href":"https:\/\/api.w.org\/{rel}","templated":true}]}}