{"id":73123,"date":"2026-04-27T13:56:13","date_gmt":"2026-04-27T13:56:13","guid":{"rendered":"https:\/\/ciaoup.it\/?p=73123"},"modified":"2026-04-27T13:56:13","modified_gmt":"2026-04-27T13:56:13","slug":"madre-e-figlia-avvelenate-a-campobasso-tutto-quello-che-sappiamo-sul-giallo","status":"publish","type":"post","link":"https:\/\/ciaoup.it\/?p=73123","title":{"rendered":"Madre e figlia avvelenate a Campobasso, tutto quello che sappiamo sul giallo"},"content":{"rendered":"<p> (Adnkronos) &#8211;<br \/>\nGiallo di Pietracatella, disposti altri esami per risolvere il mistero delle due donne morte su cui le analisi hanno rilevato tracce di ricina, un potente veleno. Domani, marted\u00ec 28 aprile, negli uffici della Polizia giudiziaria a Campobasso, sar\u00e0 effettuato l\u2019accertamento tecnico irripetibile sul cellulare di Alice Di Vita, 18 anni, sorella e figlia delle due donne. Come richiesto dalla Procura, alla presenza delle parti, si proceder\u00e0 con l\u2019estrazione della copia forense dei dati presenti sul telefono. Gli investigatori analizzeranno le chat che la ragazza ha tenuto con la madre, la sorella e il padre durante gli accessi delle due donne al pronto soccorso dell\u2019ospedale &#8216;Cardarelli&#8217; nelle drammatiche ore che hanno preceduto il loro decesso, anche per riscontrare eventuali responsabilit\u00e0 dei cinque medici indagati per omicidio colposo.\u00a0<\/p>\n<p>\u00a0<\/p>\n<p>L\u2019inchiesta entrer\u00e0 cos\u00ec in una fase decisiva. Si tratta di attivit\u00e0 fondamentali perch\u00e9 non replicabili, destinate quindi ad avere un peso determinante nella ricostruzione dei fatti e nelle eventuali valutazioni giudiziarie. Mercoled\u00ec, a Bari, al centro delle operazioni ci saranno i reperti biologici di Antonella e Sara, gi\u00e0 acquisiti. Particolare attenzione sar\u00e0 riservata ai vetrini dell\u2019esame autoptico, nello specifico alle analisi istologiche, che verranno nuovamente esaminate, alla presenza delle parti, per chiarire alcuni passaggi ancora poco definiti. \u00a0<\/p>\n<p>L\u2019obiettivo degli esperti \u00e8 quello di ottenere dati pi\u00f9 solidi e scientificamente attendibili, in grado di confermare o rivedere quanto emerso finora. I risultati di questi accertamenti sono attesi con grande interesse e potrebbero orientare in modo significativo il prosieguo dell\u2019indagine. Intanto, la relazione tecnica gi\u00e0 acquisita agli atti fornisce indicazioni importanti. Secondo la valutazione peritale, vengono confermate tracce riconducibili ad Antonella e Sara, mentre Gianni Di Vita risulterebbe escluso. Tuttavia, proprio su quest\u2019ultimo punto, c\u2019\u00e8 l\u2019invito alla cautela: il campione analizzato sarebbe stato prelevato in ritardo e sottoposto a esame in una fase in cui il materiale biologico risultava ormai degradato. Una circostanza che, pur portando a un\u2019esclusione, ne limita la portata probatoria e lascia aperta la necessit\u00e0 di ulteriori approfondimenti. \u00c8 anche per questo che gli accertamenti in programma assumono un valore ancora pi\u00f9 rilevante. \u00a0<\/p>\n<p>A questo proposito, una nota ufficiale dell\u2019Istituto Nazionale per le Malattie Infettive Lazzaro Spallanzani Irccs di Roma, tesa a fare chiarezza sul \u2018giallo di Pietracatella\u2019, dopo la diffusione di notizie ritenute inesatte o incomplete. L\u2019istituto, punto di riferimento nazionale per le malattie infettive, ha ritenuto necessario precisare i passaggi relativi alla gestione dei campioni biologici di Giovanni Di Vita, al centro della vicenda: \u201cA seguito delle ultime notizie relative alla vicenda di Pietracatella, avendo rilevato alcune imprecisioni comparse sulla stampa, al fine di evitare speculazioni e ricostruzioni non corrette, si chiarisce che i campioni del paziente Di Vita Giovanni sono stati raccolti e conservati presso l\u2019Istituto secondo modalit\u00e0 specificamente previste e validate per le indagini di microbiologia clinica, che costituivano l\u2019unica tipologia di analisi per la quale l\u2019Istituto era stato formalmente coinvolto. In tale ambito, la conservazione \u00e8 avvenuta a +4\u00b0C per le indagini sierologiche e mediante congelamento a -20\u00b0C per gli estratti destinati alle analisi molecolari, in conformit\u00e0 a protocolli standardizzati per lo specifico test di riferimento\u201d. Comunque, allo stato dei fatti, non si pu\u00f2 affermare con certezza scientifica che Gianni Di Vita sia stato anche lui vittima di avvelenamento.\u00a0<\/p>\n<p>Le due donne sono decedute, tra il 27 e il 28 dicembre dello scorso anno, presso l&#8217;ospedale Cardarelli di Campobasso, Sara era morta per prima, il 27 dicembre; la madre Antonella la mattina seguente. Il marito e padre Gianni Di Vita era stato nel frattempo trasferito allo Spallanzani di Roma. Determinante si \u00e8 rivelata anche la telefonata intercorsa tra gli investigatori e i medici dell&#8217;ospedale di Campobasso per orientare i campioni da repertare. I valori di laboratorio destarono subito allarme: le piastrine del padre risultavano superiori a 112.000 e la bilirubina totale era elevata in tutti e tre i familiari. \u201c\u00c8 alta a Sara, ad Antonella. \u00c8 alta anche a Giovanni Di Vita\u201d, aveva comunicato il medico. &#8220;Aumenta sempre di pi\u00f9, ed \u00e8 indiretta e non coniugata\u201d. Quindi per Gianni la birilubina era alta, ma le tracce di ricina non sono state trovate: un giallo nel giallo.\u00a0<\/p>\n<p>\u00a0<\/p>\n<p>Il 28 dicembre, la Scientifica aveva effettuato un sopralluogo nell&#8217;abitazione di famiglia. Gli investigatori avevano trovato funghi e vongole nei frigoriferi di casa, ma al momento del sopralluogo non era ancora chiaro se quei cibi avessero giocato un ruolo nella vicenda. Tracce di ricina, negli alimenti, nessuna. Quindi le due donne e forse Gianni, avevano consumato fuori di casa gli alimenti contenenti la ricina? \u00a0<\/p>\n<p>La svolta decisiva arriva con la conferma dell\u2019avvelenamento dalla Tossicologia clinica di Pavia. La relazione del Centro antiveleni Maugeri, trasmessa alla Procura di Larino, ha messo nero su bianco ci\u00f2 che finora era rimasto nel campo delle ipotesi: un quadro compatibile con una grave intossicazione da ricina per le vittime, madre e figlia morte tra il 27 e il 28 dicembre scorso.\u00a0<\/p>\n<p>Un elemento che rafforza in modo netto l\u2019impianto investigativo gi\u00e0 delineato nelle settimane precedenti, quando le analisi avevano evidenziato una \u201cnon negativit\u00e0\u201d alla sostanza nei campioni biologici, lasciando intendere la presenza del veleno ma senza una formalizzazione definitiva.\u00a0<\/p>\n<p>Ora, invece, il dato scientifico si consolida. E con esso cambia il peso dell\u2019inchiesta. La ricina \u2013 una delle tossine naturali pi\u00f9 potenti, capace di bloccare la sintesi proteica e provocare un collasso progressivo degli organi \u2013 diventa sempre pi\u00f9 il perno attorno a cui ruota l\u2019intero caso. La Procura di Larino, che procede per duplice omicidio premeditato contro ignoti, dispone finalmente di un riscontro tecnico strutturato, destinato a incidere sia sul piano investigativo sia su quello processuale. Il punto centrale, adesso, \u00e8 duplice: come sia stata somministrata la sostanza e da dove provenga.\u00a0<\/p>\n<p>\u00a0<\/p>\n<p> Le indagini, infatti, restano aperte su pi\u00f9 fronti. Da un lato, la ricostruzione delle ultime ore di vita delle due donne e dei contatti avuti nei giorni precedenti al Natale; dall\u2019altro, la filiera della sostanza, con verifiche che spaziano dall\u2019eventuale estrazione artigianale dai semi di ricino fino all\u2019ipotesi di un approvvigionamento attraverso circuiti illegali, incluso il dark web. Nel frattempo proseguono le audizioni in questura: familiari, conoscenti, persone informate sui fatti. Un lavoro minuzioso, gi\u00e0 arrivato a decine di testimonianze, che punta a colmare le incongruenze emerse e a definire con precisione dinamiche e responsabilit\u00e0. La relazione del Maugeri rappresenta comunque un punto di non ritorno: non pi\u00f9 sospetti, ma una base scientifica su cui costruire l\u2019accusa.\u00a0<\/p>\n<p>&#8212;<\/p>\n<p>cronaca<\/p>\n<p>webinfo@adnkronos.com (Web Info)<\/p>\n<div style=\"display:flex; gap:10px;justify-content:center\" class=\"wps-pgfw-pdf-generate-icon__wrapper-frontend\">\n\t\t<a  href=\"https:\/\/ciaoup.it?action=genpdf&amp;id=73123\" class=\"pgfw-single-pdf-download-button\" ><img src=\"https:\/\/ciaoup.it\/wp-content\/plugins\/pdf-generator-for-wp\/admin\/src\/images\/PDF_Tray.svg\" title=\"Generate PDF\" style=\"width:auto; height:45px;\"><\/a>\n\t\t<\/div>","protected":false},"excerpt":{"rendered":"<p>(Adnkronos) &#8211; Giallo di Pietracatella, disposti altri esami per risolvere il mistero delle due donne&hellip;<\/p>\n","protected":false},"author":3,"featured_media":73124,"comment_status":"open","ping_status":"closed","sticky":false,"template":"","format":"standard","meta":{"footnotes":""},"categories":[12],"tags":[3],"class_list":["post-73123","post","type-post","status-publish","format-standard","has-post-thumbnail","hentry","category-comunicati","tag-ultimora"],"_links":{"self":[{"href":"https:\/\/ciaoup.it\/index.php?rest_route=\/wp\/v2\/posts\/73123","targetHints":{"allow":["GET"]}}],"collection":[{"href":"https:\/\/ciaoup.it\/index.php?rest_route=\/wp\/v2\/posts"}],"about":[{"href":"https:\/\/ciaoup.it\/index.php?rest_route=\/wp\/v2\/types\/post"}],"author":[{"embeddable":true,"href":"https:\/\/ciaoup.it\/index.php?rest_route=\/wp\/v2\/users\/3"}],"replies":[{"embeddable":true,"href":"https:\/\/ciaoup.it\/index.php?rest_route=%2Fwp%2Fv2%2Fcomments&post=73123"}],"version-history":[{"count":1,"href":"https:\/\/ciaoup.it\/index.php?rest_route=\/wp\/v2\/posts\/73123\/revisions"}],"predecessor-version":[{"id":73189,"href":"https:\/\/ciaoup.it\/index.php?rest_route=\/wp\/v2\/posts\/73123\/revisions\/73189"}],"wp:featuredmedia":[{"embeddable":true,"href":"https:\/\/ciaoup.it\/index.php?rest_route=\/wp\/v2\/media\/73124"}],"wp:attachment":[{"href":"https:\/\/ciaoup.it\/index.php?rest_route=%2Fwp%2Fv2%2Fmedia&parent=73123"}],"wp:term":[{"taxonomy":"category","embeddable":true,"href":"https:\/\/ciaoup.it\/index.php?rest_route=%2Fwp%2Fv2%2Fcategories&post=73123"},{"taxonomy":"post_tag","embeddable":true,"href":"https:\/\/ciaoup.it\/index.php?rest_route=%2Fwp%2Fv2%2Ftags&post=73123"}],"curies":[{"name":"wp","href":"https:\/\/api.w.org\/{rel}","templated":true}]}}