{"id":73110,"date":"2026-04-27T13:11:31","date_gmt":"2026-04-27T13:11:31","guid":{"rendered":"https:\/\/ciaoup.it\/?p=73110"},"modified":"2026-04-27T13:11:31","modified_gmt":"2026-04-27T13:11:31","slug":"carenza-di-personale-al-tribunale-di-milano-solo-attivita-prioritarie-nellufficio-gip-gup","status":"publish","type":"post","link":"https:\/\/ciaoup.it\/?p=73110","title":{"rendered":"Carenza di personale al tribunale di Milano: solo attivit\u00e0 prioritarie nell&#8217;ufficio gip-gup"},"content":{"rendered":"<p> (Adnkronos) &#8211;<br \/>\nEmergenza personale al Tribunale di Milano: la carenza di amministrativi e addetti all\u2019ufficio del processo costringe la sezione gip-gup a riorganizzare le attivit\u00e0, dando priorit\u00e0 solo ai procedimenti pi\u00f9 urgenti fino a fine giugno.\u00a0<\/p>\n<p>A lanciare l\u2019allarme \u00e8 la presidente della sezione, Vincenza Maccora, che ha messo nero su bianco le indicazioni per svolgere le \u201cattivit\u00e0 prioritarie\u201d della sezione dal 15 maggio al 30 giugno alla luce delle ridotte presenze. \u201cNei prossimi mesi di maggio e giugno la sezione gip- gup si trover\u00e0 a operare con la presenza, ridottissima, di personale amministrativo\u201d. Negli ultimi anni, inoltre, \u201cl\u2019ingresso di personale a tempo determinato (funzionari Aupp, funzionari tecnici di amministrazione e operatori data entry), ha supplito in parte alle difficolt\u00e0 connesse all\u2019insufficiente presenza del personale a tempo indeterminato, ma la \u2018provvisoriet\u00e0\u2019 dell\u2019incarico li ha indotti a scegliere nuovi e pi\u00f9 appetibili obiettivi di crescita professionale \u2013 si legge nel documento che \u00e8 stato inviato tra gli altri anche al presidente della Corte d\u2019Appello, al presidente del tribunale, al procuratore e ai magistrati dell\u2019ufficio gip-gup &#8211; in assenza di certezze sulla stabilit\u00e0 del rapporto di lavoro e considerando che, ancora oggi, non \u00e8 stato chiarito il loro futuro profilo professionale in caso di stabilizzazione che dovrebbe avvenire dopo il 30 giugno 2026 (attualmente il Tribunale di Milano registra complessivamente una scopertura del 40% dell\u2019iniziale contingente di Aupp)\u201d. \u00a0<\/p>\n<p>Alla luce di questa situazione la presidente gip-gup Maccora ha indicato quali attivit\u00e0 prioritarie da assicurare nel periodo dal 15 maggio al 30 giugno 2026 \u201ctutti i provvedimenti connessi ai turni (convalide arresti\/fermi), le misure cautelari personali e reali, e le misure di sicurezza, le attivit\u00e0 di intercettazioni e di acquisizione tabulati, i procedimenti gi\u00e0 calendarizzati in udienza o da fissare a carico di imputati con misure cautelari o misure di sicurezza in esecuzione, i procedimenti relativi a reati da codice rosso di cui all\u2019art. 132 bis lett. a-bis disp. att. c.p.p. la cui trattazione il giudice valuti essere urgente, gli incidenti di esecuzione che comportano la scarcerazione del condannato, ci\u00f2 che il prudente apprezzamento del giudice consideri rivestito dall\u2019urgenza a provvedere\u201d.  \u00a0<\/p>\n<p>Le restanti attivit\u00e0 potranno, \u201cse necessario, essere ricalendarizzate nei mesi successivi al 30 giugno 2026 &#8211; si spiega &#8211; quando ci si augura che la presenza del personale amministrativo ritorner\u00e0 ad essere adeguata alla quantit\u00e0 e qualit\u00e0 del volume degli affari che grava sulla Sezione\u201d. Si tratta di una scelta organizzativa \u201cnecessitata dall\u2019esigenza di garantire lo svolgimento uniforme dei servizi essenziali \u2013 conclude la presidente Maccora &#8211; assicurare che i magistrati e il personale amministrativo svolgano i loro compiti con la competenza e attenzione necessaria e nel rispetto di quel benessere organizzativo che il Consiglio Superiore della Magistratura pone tra i compiti dei presidenti di sezione\u201d.\u00a0<\/p>\n<p>&#8212;<\/p>\n<p>cronaca<\/p>\n<p>webinfo@adnkronos.com (Web Info)<\/p>\n<div style=\"display:flex; gap:10px;justify-content:center\" class=\"wps-pgfw-pdf-generate-icon__wrapper-frontend\">\n\t\t<a  href=\"https:\/\/ciaoup.it?action=genpdf&amp;id=73110\" class=\"pgfw-single-pdf-download-button\" ><img src=\"https:\/\/ciaoup.it\/wp-content\/plugins\/pdf-generator-for-wp\/admin\/src\/images\/PDF_Tray.svg\" title=\"Generate PDF\" style=\"width:auto; height:45px;\"><\/a>\n\t\t<\/div>","protected":false},"excerpt":{"rendered":"<p>(Adnkronos) &#8211; Emergenza personale al Tribunale di Milano: la carenza di amministrativi e addetti all\u2019ufficio&hellip;<\/p>\n","protected":false},"author":3,"featured_media":73111,"comment_status":"open","ping_status":"closed","sticky":false,"template":"","format":"standard","meta":{"footnotes":""},"categories":[12],"tags":[3],"class_list":["post-73110","post","type-post","status-publish","format-standard","has-post-thumbnail","hentry","category-comunicati","tag-ultimora"],"_links":{"self":[{"href":"https:\/\/ciaoup.it\/index.php?rest_route=\/wp\/v2\/posts\/73110","targetHints":{"allow":["GET"]}}],"collection":[{"href":"https:\/\/ciaoup.it\/index.php?rest_route=\/wp\/v2\/posts"}],"about":[{"href":"https:\/\/ciaoup.it\/index.php?rest_route=\/wp\/v2\/types\/post"}],"author":[{"embeddable":true,"href":"https:\/\/ciaoup.it\/index.php?rest_route=\/wp\/v2\/users\/3"}],"replies":[{"embeddable":true,"href":"https:\/\/ciaoup.it\/index.php?rest_route=%2Fwp%2Fv2%2Fcomments&post=73110"}],"version-history":[{"count":1,"href":"https:\/\/ciaoup.it\/index.php?rest_route=\/wp\/v2\/posts\/73110\/revisions"}],"predecessor-version":[{"id":73164,"href":"https:\/\/ciaoup.it\/index.php?rest_route=\/wp\/v2\/posts\/73110\/revisions\/73164"}],"wp:featuredmedia":[{"embeddable":true,"href":"https:\/\/ciaoup.it\/index.php?rest_route=\/wp\/v2\/media\/73111"}],"wp:attachment":[{"href":"https:\/\/ciaoup.it\/index.php?rest_route=%2Fwp%2Fv2%2Fmedia&parent=73110"}],"wp:term":[{"taxonomy":"category","embeddable":true,"href":"https:\/\/ciaoup.it\/index.php?rest_route=%2Fwp%2Fv2%2Fcategories&post=73110"},{"taxonomy":"post_tag","embeddable":true,"href":"https:\/\/ciaoup.it\/index.php?rest_route=%2Fwp%2Fv2%2Ftags&post=73110"}],"curies":[{"name":"wp","href":"https:\/\/api.w.org\/{rel}","templated":true}]}}