{"id":73108,"date":"2026-04-27T13:14:43","date_gmt":"2026-04-27T13:14:43","guid":{"rendered":"https:\/\/ciaoup.it\/?p=73108"},"modified":"2026-04-27T13:14:43","modified_gmt":"2026-04-27T13:14:43","slug":"one-health-foundation-al-via-progetto-prevenzione-in-36-centri-estivi-in-albania","status":"publish","type":"post","link":"https:\/\/ciaoup.it\/?p=73108","title":{"rendered":"One Health Foundation, al via progetto prevenzione in 36 centri estivi in Albania \ufeff"},"content":{"rendered":"<p> (Adnkronos) &#8211; Prosegue e si rafforza la collaborazione Italia-Albania sul tema della prevenzione e sensibilizzazione agli stili di vita sani. Quest&#8217;estate partir\u00e0 un nuovo progetto in 36 centri medici estivi del Paese balcanico dove verranno effettuati esami di screening e attivit\u00e0 di sensibilizzazione. La decisione \u00e8 stata presa durante la terza edizione della &#8216;Nave della salute&#8217;, l&#8217;iniziativa promossa da One Health Foundation. Per 2 giorni a bordo dell&#8217;imbarcazione, sulla tratta Ancora-Durazzo-Ancona, sono stati svolti pi\u00f9 di 550 visite e test gratuiti per i passeggeri. \u00a0<\/p>\n<p>&#8220;Ringraziamo One Health Foundation per tutto quello che finora ha fatto in Albania &#8211; dichiara Evis Sala, ministro della Salute della Repubblica d&#8217;Albania &#8211; Durante l&#8217;incontro con la delegazione italiana, partita dalle Marche, abbiamo deciso di avviare un nuovo progetto sul nostro territorio nazionale. L&#8217;idea \u00e8 affiancare medici italiani ai giovani medici albanesi durante l&#8217;attivit\u00e0 estiva dei centri, con il fine di creare una proficua collaborazione. In Albania al momento sono disponibili diversi programmi di prevenzione che per\u00f2 vanno rafforzati anche per ridurre l&#8217;impatto delle malattie sul sistema di cure ospedaliere. Da anni sono attivi gli screening per il tumore della mammella e del collo dell&#8217;utero e abbiamo introdotto anche la vaccinazione anti-Hpv per gli adolescenti maschi. I tassi d&#8217;adesione sono ancora bassi e, ad esempio, per il carcinoma mammario sono fermi al 50%. Dobbiamo poi avviare altri programmi per la diagnosi precoce delle malattie cardio-vascolari e di quelle metaboliche. Siamo pronti a partire e intendiamo creare uno scambio di know-how con l&#8217;Italia che duri nel tempo&#8221;.\u00a0<\/p>\n<p>&#8220;Bisogna anche rafforzare i rapporti di collaborazione tra Italia ed Albania e gli scambi tra i due Paesi sul fronte sia della ricerca che della formazione &#8211; afferma Rossana Berardi, presidente di One Health Foundation e presidente eletto Aiom (Associazione italiana di oncologia medica) &#8211; Abbiamo perci\u00f2 sottoscritto un protocollo d&#8217;intesa tra l&#8217;universit\u00e0 di Medicina di Tirana e l&#8217;universit\u00e0 Politecnica delle Marche per favorire gli scambi tra docenti e studenti e i rapporti di collaborazione scientifica. In quest\u2019ottica si inserisce il progetto nei centri estivi che rappresenta un esempio concreto di cooperazione internazionale per la prevenzione. Ringraziamo tutti i rappresentanti delle istituzioni albanesi per la fiducia, il sostegno e per aver reso possibile la terza edizione della &#8216;Nave della salute&#8217; e anche l&#8217;amico e armatore di Adria Ferries Alberto Rossi&#8221;. \u00a0<\/p>\n<p>&#8220;E&#8217; stato un grandissimo successo e per le prossime edizioni vogliamo ampliare ulteriormente l&#8217;offerta con altri ambulatori &#8211; commenta Mauro Boldrini, vice presidente di One Health Foundation e direttore Comunicazione Aiom &#8211; Siamo gi\u00e0 al lavoro per attivare il progetto estivo e sviluppare altre campagne a 360 gradi che coinvolgano tutte le fasce della popolazione&#8221;.\u00a0<\/p>\n<p>Il viaggio di questa terza edizione ha visto la collaborazione con Fondazione Quotidiano Sanita. E&#8217; iniziato gioved\u00ec 23 aprile dal porto di Ancona, con ritorno il giorno dopo da Durazzo. Per 2 giorni sono stati attivi 10 ambulatori e 17 medici specialisti hanno visitato i passeggeri. Quindi il rientro in Ancona sabato 25 aprile.     \u00a0<\/p>\n<p>&#8212;<\/p>\n<p>salute<\/p>\n<p>webinfo@adnkronos.com (Web Info)<\/p>\n<div style=\"display:flex; gap:10px;justify-content:center\" class=\"wps-pgfw-pdf-generate-icon__wrapper-frontend\">\n\t\t<a  href=\"https:\/\/ciaoup.it?action=genpdf&amp;id=73108\" class=\"pgfw-single-pdf-download-button\" ><img src=\"https:\/\/ciaoup.it\/wp-content\/plugins\/pdf-generator-for-wp\/admin\/src\/images\/PDF_Tray.svg\" title=\"Generate PDF\" style=\"width:auto; height:45px;\"><\/a>\n\t\t<\/div>","protected":false},"excerpt":{"rendered":"<p>(Adnkronos) &#8211; Prosegue e si rafforza la collaborazione Italia-Albania sul tema della prevenzione e sensibilizzazione&hellip;<\/p>\n","protected":false},"author":3,"featured_media":73109,"comment_status":"open","ping_status":"closed","sticky":false,"template":"","format":"standard","meta":{"footnotes":""},"categories":[12],"tags":[3],"class_list":["post-73108","post","type-post","status-publish","format-standard","has-post-thumbnail","hentry","category-comunicati","tag-ultimora"],"_links":{"self":[{"href":"https:\/\/ciaoup.it\/index.php?rest_route=\/wp\/v2\/posts\/73108","targetHints":{"allow":["GET"]}}],"collection":[{"href":"https:\/\/ciaoup.it\/index.php?rest_route=\/wp\/v2\/posts"}],"about":[{"href":"https:\/\/ciaoup.it\/index.php?rest_route=\/wp\/v2\/types\/post"}],"author":[{"embeddable":true,"href":"https:\/\/ciaoup.it\/index.php?rest_route=\/wp\/v2\/users\/3"}],"replies":[{"embeddable":true,"href":"https:\/\/ciaoup.it\/index.php?rest_route=%2Fwp%2Fv2%2Fcomments&post=73108"}],"version-history":[{"count":1,"href":"https:\/\/ciaoup.it\/index.php?rest_route=\/wp\/v2\/posts\/73108\/revisions"}],"predecessor-version":[{"id":73165,"href":"https:\/\/ciaoup.it\/index.php?rest_route=\/wp\/v2\/posts\/73108\/revisions\/73165"}],"wp:featuredmedia":[{"embeddable":true,"href":"https:\/\/ciaoup.it\/index.php?rest_route=\/wp\/v2\/media\/73109"}],"wp:attachment":[{"href":"https:\/\/ciaoup.it\/index.php?rest_route=%2Fwp%2Fv2%2Fmedia&parent=73108"}],"wp:term":[{"taxonomy":"category","embeddable":true,"href":"https:\/\/ciaoup.it\/index.php?rest_route=%2Fwp%2Fv2%2Fcategories&post=73108"},{"taxonomy":"post_tag","embeddable":true,"href":"https:\/\/ciaoup.it\/index.php?rest_route=%2Fwp%2Fv2%2Ftags&post=73108"}],"curies":[{"name":"wp","href":"https:\/\/api.w.org\/{rel}","templated":true}]}}