{"id":73086,"date":"2026-04-27T12:45:59","date_gmt":"2026-04-27T12:45:59","guid":{"rendered":"https:\/\/ciaoup.it\/?p=73086"},"modified":"2026-04-27T12:45:59","modified_gmt":"2026-04-27T12:45:59","slug":"napoli-lukaku-risponde-a-conte-il-messaggio-che-alimenta-polemiche","status":"publish","type":"post","link":"https:\/\/ciaoup.it\/?p=73086","title":{"rendered":"Napoli, Lukaku risponde a Conte: il messaggio che alimenta polemiche"},"content":{"rendered":"<p> (Adnkronos) &#8211;<br \/>\nRomelu Lukaku risponde ad Antonio Conte. Il centravanti del Napoli ha incassato le parole del suo allenatore, che si era detto deluso dal comportanto dell&#8217;attaccante belga, rimasto in Belgio per curarsi dopo l&#8217;ultimo infortunio. La risposta, enigmatica ma facilmente interpretabile, \u00e8 arrivata dal profilo Instagram di Lukaku: &#8220;Proteggere la tua pace non \u00e8 egoista, ma necessario&#8221;, ha scritto in una storia.\u00a0<\/p>\n<p>Una replica diretta (e nemmeno troppo velata), alle parole di Conte. &#8220;Non ho avuto modo di parlare con lui, so che lo ha fatto un nostro dirigente&#8221;, aveva rivelato l&#8217;allenatore del Napoli dopo la vittoria contro la Cremonese ai microfoni di Dazn, commentando la visita di Lukaku dei giorni scorsi dopo le polemiche.\u00a0<\/p>\n<p>&#8220;Il mio ufficio era l\u00ec, ma nessuno ha bussato alla porta e questo mi \u00e8 dispiaciuto tanto, perch\u00e9 mi sarei aspettato comunque un saluto o un messaggio&#8221;, aveva spiegato l&#8217;allenatore del Napoli, &#8220;in queste situazioni si cerca di capire tutti, l\u2019allenatore deve farlo, anche se nessuno si sforza di capire l\u2019allenatore&#8221;.\u00a0<\/p>\n<p>\u00a0<\/p>\n<p>&#8212;<\/p>\n<p>sport<\/p>\n<p>webinfo@adnkronos.com (Web Info)<\/p>\n<div style=\"display:flex; gap:10px;justify-content:center\" class=\"wps-pgfw-pdf-generate-icon__wrapper-frontend\">\n\t\t<a  href=\"https:\/\/ciaoup.it?action=genpdf&amp;id=73086\" class=\"pgfw-single-pdf-download-button\" ><img src=\"https:\/\/ciaoup.it\/wp-content\/plugins\/pdf-generator-for-wp\/admin\/src\/images\/PDF_Tray.svg\" title=\"Generate PDF\" style=\"width:auto; height:45px;\"><\/a>\n\t\t<\/div>","protected":false},"excerpt":{"rendered":"<p>(Adnkronos) &#8211; Romelu Lukaku risponde ad Antonio Conte. Il centravanti del Napoli ha incassato le&hellip;<\/p>\n","protected":false},"author":3,"featured_media":73087,"comment_status":"open","ping_status":"closed","sticky":false,"template":"","format":"standard","meta":{"footnotes":""},"categories":[12],"tags":[3],"class_list":["post-73086","post","type-post","status-publish","format-standard","has-post-thumbnail","hentry","category-comunicati","tag-ultimora"],"_links":{"self":[{"href":"https:\/\/ciaoup.it\/index.php?rest_route=\/wp\/v2\/posts\/73086","targetHints":{"allow":["GET"]}}],"collection":[{"href":"https:\/\/ciaoup.it\/index.php?rest_route=\/wp\/v2\/posts"}],"about":[{"href":"https:\/\/ciaoup.it\/index.php?rest_route=\/wp\/v2\/types\/post"}],"author":[{"embeddable":true,"href":"https:\/\/ciaoup.it\/index.php?rest_route=\/wp\/v2\/users\/3"}],"replies":[{"embeddable":true,"href":"https:\/\/ciaoup.it\/index.php?rest_route=%2Fwp%2Fv2%2Fcomments&post=73086"}],"version-history":[{"count":1,"href":"https:\/\/ciaoup.it\/index.php?rest_route=\/wp\/v2\/posts\/73086\/revisions"}],"predecessor-version":[{"id":73148,"href":"https:\/\/ciaoup.it\/index.php?rest_route=\/wp\/v2\/posts\/73086\/revisions\/73148"}],"wp:featuredmedia":[{"embeddable":true,"href":"https:\/\/ciaoup.it\/index.php?rest_route=\/wp\/v2\/media\/73087"}],"wp:attachment":[{"href":"https:\/\/ciaoup.it\/index.php?rest_route=%2Fwp%2Fv2%2Fmedia&parent=73086"}],"wp:term":[{"taxonomy":"category","embeddable":true,"href":"https:\/\/ciaoup.it\/index.php?rest_route=%2Fwp%2Fv2%2Fcategories&post=73086"},{"taxonomy":"post_tag","embeddable":true,"href":"https:\/\/ciaoup.it\/index.php?rest_route=%2Fwp%2Fv2%2Ftags&post=73086"}],"curies":[{"name":"wp","href":"https:\/\/api.w.org\/{rel}","templated":true}]}}