{"id":73052,"date":"2026-04-27T11:35:26","date_gmt":"2026-04-27T11:35:26","guid":{"rendered":"https:\/\/ciaoup.it\/?p=73052"},"modified":"2026-04-27T11:35:26","modified_gmt":"2026-04-27T11:35:26","slug":"chiara-ferragni-torna-tra-i-follower-finalmente-possiamo-parlare","status":"publish","type":"post","link":"https:\/\/ciaoup.it\/?p=73052","title":{"rendered":"Chiara Ferragni torna tra i follower: &#8220;Finalmente possiamo parlare&#8221;"},"content":{"rendered":"<p> (Adnkronos) &#8211;<br \/>\nIl ritorno di Chiara Ferragni. L&#8217;imprenditrice digitale, dopo la chiusura della vicenda giudiziaria con il proscioglimento per il Pandoro gate, \u00e8 tornata attivissima sui suoi profili social, lanciando un messaggio diretto ai suoi follower nel gruppo privato su Instagram.\u00a0<\/p>\n<p>&#8220;Ciao ragazzi, non ci sentiamo da tanto&#8221;, ha scritto, in inglese, Ferragni, &#8220;penso sia arrivato il momento di tornare a parlare un po&#8217;, finalmente direi. Come state?&#8221;. Un altro piccolo passo verso la normalit\u00e0 per l&#8217;imprenditrice digitale, tornata a instaurare un rapporto diretto con i suoi follower.\u00a0<\/p>\n<p>Ferragni \u00e8 reduce da un viaggio in Namibia, un momento che le \u00e8 servito per ricaricarsi e lasciarsi alle spalle gli anni complicati: &#8220;&#8221;Questo viaggio in Namibia&#8221;, ha scritto Ferragni, &#8220;non \u00e8 stato solo un&#8217;avventura: per me ha significato chiudere un cerchio&#8221;. \u00a0<\/p>\n<p>&#8220;Mi sono trovata a contatto con la natura, mi sono sentita presente e amata e ho capito davvero perch\u00e9 le cose dovevano andare in un certo modo per essere 1000% pi\u00f9 felice e me stessa di quanto io sia mai stata&#8221;. Ferragni ha poi raccontato di aver pianto di felicit\u00e0 durante questo viaggio che ha definito &#8220;uno dei pi\u00f9 belli che ho mai fatto&#8221;.\u00a0<\/p>\n<p>\u00a0<\/p>\n<p>&#8212;<\/p>\n<p>spettacoli<\/p>\n<p>webinfo@adnkronos.com (Web Info)<\/p>\n<div style=\"display:flex; gap:10px;justify-content:center\" class=\"wps-pgfw-pdf-generate-icon__wrapper-frontend\">\n\t\t<a  href=\"https:\/\/ciaoup.it?action=genpdf&amp;id=73052\" class=\"pgfw-single-pdf-download-button\" ><img src=\"https:\/\/ciaoup.it\/wp-content\/plugins\/pdf-generator-for-wp\/admin\/src\/images\/PDF_Tray.svg\" title=\"Generate PDF\" style=\"width:auto; height:45px;\"><\/a>\n\t\t<\/div>","protected":false},"excerpt":{"rendered":"<p>(Adnkronos) &#8211; Il ritorno di Chiara Ferragni. L&#8217;imprenditrice digitale, dopo la chiusura della vicenda giudiziaria&hellip;<\/p>\n","protected":false},"author":3,"featured_media":73053,"comment_status":"open","ping_status":"closed","sticky":false,"template":"","format":"standard","meta":{"footnotes":""},"categories":[12],"tags":[3],"class_list":["post-73052","post","type-post","status-publish","format-standard","has-post-thumbnail","hentry","category-comunicati","tag-ultimora"],"_links":{"self":[{"href":"https:\/\/ciaoup.it\/index.php?rest_route=\/wp\/v2\/posts\/73052","targetHints":{"allow":["GET"]}}],"collection":[{"href":"https:\/\/ciaoup.it\/index.php?rest_route=\/wp\/v2\/posts"}],"about":[{"href":"https:\/\/ciaoup.it\/index.php?rest_route=\/wp\/v2\/types\/post"}],"author":[{"embeddable":true,"href":"https:\/\/ciaoup.it\/index.php?rest_route=\/wp\/v2\/users\/3"}],"replies":[{"embeddable":true,"href":"https:\/\/ciaoup.it\/index.php?rest_route=%2Fwp%2Fv2%2Fcomments&post=73052"}],"version-history":[{"count":1,"href":"https:\/\/ciaoup.it\/index.php?rest_route=\/wp\/v2\/posts\/73052\/revisions"}],"predecessor-version":[{"id":73115,"href":"https:\/\/ciaoup.it\/index.php?rest_route=\/wp\/v2\/posts\/73052\/revisions\/73115"}],"wp:featuredmedia":[{"embeddable":true,"href":"https:\/\/ciaoup.it\/index.php?rest_route=\/wp\/v2\/media\/73053"}],"wp:attachment":[{"href":"https:\/\/ciaoup.it\/index.php?rest_route=%2Fwp%2Fv2%2Fmedia&parent=73052"}],"wp:term":[{"taxonomy":"category","embeddable":true,"href":"https:\/\/ciaoup.it\/index.php?rest_route=%2Fwp%2Fv2%2Fcategories&post=73052"},{"taxonomy":"post_tag","embeddable":true,"href":"https:\/\/ciaoup.it\/index.php?rest_route=%2Fwp%2Fv2%2Ftags&post=73052"}],"curies":[{"name":"wp","href":"https:\/\/api.w.org\/{rel}","templated":true}]}}