{"id":72825,"date":"2026-04-26T07:13:00","date_gmt":"2026-04-26T07:13:00","guid":{"rendered":"https:\/\/ciaoup.it\/?p=72825"},"modified":"2026-04-26T07:13:00","modified_gmt":"2026-04-26T07:13:00","slug":"trump-gli-spari-a-washington-e-la-fuga-del-presidente","status":"publish","type":"post","link":"https:\/\/ciaoup.it\/?p=72825","title":{"rendered":"Trump, gli spari a Washington e la &#8216;fuga&#8217; del presidente"},"content":{"rendered":"<p> (Adnkronos) &#8211; Gli spari e la &#8216;fuga&#8217; di Donald Trump. Il presidente degli Stati Uniti \u00e8 stato portato in salvo a Washington dopo l&#8217;attacco di uomo che ha aperto il fuoco nei pressi della location della cena dei corrispondenti della Casa Bianca.\u00a0<\/p>\n<p>\u00a0<\/p>\n<p>I video diffusi online mostrano i momenti in cui il presidente viene informato dell&#8217;episodio. Si sentono i rumori associabili ad una serie di colpi di arma da fuoco: prima uno, poi altri 3 in sequenza. Quindi, l&#8217;intervento degli agenti del Secret Service che conducono il presidente in un luogo sicuro. L&#8217;uomo responsabile dell&#8217;attacco, un 31enne della California, \u00e8 stato bloccato. Un agente del Secret Service \u00e8 stato colpito ma \u00e8 stato protetto dal giubbotto antiproiettile.\u00a0<\/p>\n<p>\u00a0<\/p>\n<p>I video mostrano anche l&#8217;intervento degli agenti che portano via anche il vicepresidente JD Vance, mentre Trump viene condotto in salvo dal lato opposto della sala negli stessi momenti.\u00a0<\/p>\n<p>&#8212;<\/p>\n<p>internazionale\/esteri<\/p>\n<p>webinfo@adnkronos.com (Web Info)<\/p>\n<div style=\"display:flex; gap:10px;justify-content:center\" class=\"wps-pgfw-pdf-generate-icon__wrapper-frontend\">\n\t\t<a  href=\"https:\/\/ciaoup.it?action=genpdf&amp;id=72825\" class=\"pgfw-single-pdf-download-button\" ><img src=\"https:\/\/ciaoup.it\/wp-content\/plugins\/pdf-generator-for-wp\/admin\/src\/images\/PDF_Tray.svg\" title=\"Generate PDF\" style=\"width:auto; height:45px;\"><\/a>\n\t\t<\/div>","protected":false},"excerpt":{"rendered":"<p>(Adnkronos) &#8211; Gli spari e la &#8216;fuga&#8217; di Donald Trump. Il presidente degli Stati Uniti&hellip;<\/p>\n","protected":false},"author":3,"featured_media":72826,"comment_status":"open","ping_status":"closed","sticky":false,"template":"","format":"standard","meta":{"footnotes":""},"categories":[12],"tags":[3],"class_list":["post-72825","post","type-post","status-publish","format-standard","has-post-thumbnail","hentry","category-comunicati","tag-ultimora"],"_links":{"self":[{"href":"https:\/\/ciaoup.it\/index.php?rest_route=\/wp\/v2\/posts\/72825","targetHints":{"allow":["GET"]}}],"collection":[{"href":"https:\/\/ciaoup.it\/index.php?rest_route=\/wp\/v2\/posts"}],"about":[{"href":"https:\/\/ciaoup.it\/index.php?rest_route=\/wp\/v2\/types\/post"}],"author":[{"embeddable":true,"href":"https:\/\/ciaoup.it\/index.php?rest_route=\/wp\/v2\/users\/3"}],"replies":[{"embeddable":true,"href":"https:\/\/ciaoup.it\/index.php?rest_route=%2Fwp%2Fv2%2Fcomments&post=72825"}],"version-history":[{"count":1,"href":"https:\/\/ciaoup.it\/index.php?rest_route=\/wp\/v2\/posts\/72825\/revisions"}],"predecessor-version":[{"id":72838,"href":"https:\/\/ciaoup.it\/index.php?rest_route=\/wp\/v2\/posts\/72825\/revisions\/72838"}],"wp:featuredmedia":[{"embeddable":true,"href":"https:\/\/ciaoup.it\/index.php?rest_route=\/wp\/v2\/media\/72826"}],"wp:attachment":[{"href":"https:\/\/ciaoup.it\/index.php?rest_route=%2Fwp%2Fv2%2Fmedia&parent=72825"}],"wp:term":[{"taxonomy":"category","embeddable":true,"href":"https:\/\/ciaoup.it\/index.php?rest_route=%2Fwp%2Fv2%2Fcategories&post=72825"},{"taxonomy":"post_tag","embeddable":true,"href":"https:\/\/ciaoup.it\/index.php?rest_route=%2Fwp%2Fv2%2Ftags&post=72825"}],"curies":[{"name":"wp","href":"https:\/\/api.w.org\/{rel}","templated":true}]}}