{"id":72823,"date":"2026-04-26T07:16:31","date_gmt":"2026-04-26T07:16:31","guid":{"rendered":"https:\/\/ciaoup.it\/?p=72823"},"modified":"2026-04-26T07:16:31","modified_gmt":"2026-04-26T07:16:31","slug":"domenica-in-i-pooh-e-sal-da-vinci-ospiti-oggi-di-mara-venier","status":"publish","type":"post","link":"https:\/\/ciaoup.it\/?p=72823","title":{"rendered":"Domenica In, i Pooh e Sal Da Vinci ospiti oggi di Mara Venier"},"content":{"rendered":"<p> (Adnkronos) &#8211; Grande musica a Domenica In oggi, domenica 26 aprile, nella nuova puntata in onda alle 14 e condotta da Mara Venier con Tommaso Cerno, Teo Mammucari ed Enzo Miccio, in onda alle 14.00 su Rai 1 in diretta dagli Studi Fabrizio Frizzi di Roma. \u00a0<\/p>\n<p>La trasmissione si aprir\u00e0 con un ampio spazio dedicato ai Pooh, in studio per presentare il nuovo &#8216;Pooh 60: La nostra storia&#8217;, la raccolta celebrativa per festeggiare i 60 anni di carriera della band. Il gruppo si esibir\u00e0 proponendo i successi pi\u00f9 amati.\u00a0<\/p>\n<p>\nSal Da Vinci, vincitore del Festival di Sanremo 2026, si racconter\u00e0 in un&#8217;intervista tra carriera e vita privata. Quindi, si esibir\u00e0 con la sua hit &#8216;Per sempre s\u00ec&#8217;, il brano che dopo aver conquistato l&#8217;Ariston sar\u00e0 in gara alla 70esima edizione di Eurovision Song Contest 2026 a Vienna, dove l&#8217;artista rappresenter\u00e0 l&#8217;Italia. A Domenica In arriver\u00e0 Patty Pravo con &#8216;Opera&#8217;, il brano che l&#8217;ha vista in gara al Festival, tratto dall&#8217;omonimo nuovo album della cantante. \u00a0<\/p>\n<p>Per lo spazio attualit\u00e0 Mara Venier e Tommaso Cerno commenteranno i fatti della settimana insieme a Giovanna Botteri e Candida Morvillo.\u00a0<\/p>\n<p>Enzo Miccio racconter\u00e0 Marcello Mastroianni e gli amori pi\u00f9 importanti della sua vita, mentre Teo Mammucari condurr\u00e0 il gioco telefonico &#8216;La cassaforte di Domenica In&#8217;.\u00a0<\/p>\n<p>&#8212;<\/p>\n<p>spettacoli<\/p>\n<p>webinfo@adnkronos.com (Web Info)<\/p>\n<div style=\"display:flex; gap:10px;justify-content:center\" class=\"wps-pgfw-pdf-generate-icon__wrapper-frontend\">\n\t\t<a  href=\"https:\/\/ciaoup.it?action=genpdf&amp;id=72823\" class=\"pgfw-single-pdf-download-button\" ><img src=\"https:\/\/ciaoup.it\/wp-content\/plugins\/pdf-generator-for-wp\/admin\/src\/images\/PDF_Tray.svg\" title=\"Generate PDF\" style=\"width:auto; height:45px;\"><\/a>\n\t\t<\/div>","protected":false},"excerpt":{"rendered":"<p>(Adnkronos) &#8211; Grande musica a Domenica In oggi, domenica 26 aprile, nella nuova puntata in&hellip;<\/p>\n","protected":false},"author":3,"featured_media":72824,"comment_status":"open","ping_status":"closed","sticky":false,"template":"","format":"standard","meta":{"footnotes":""},"categories":[12],"tags":[3],"class_list":["post-72823","post","type-post","status-publish","format-standard","has-post-thumbnail","hentry","category-comunicati","tag-ultimora"],"_links":{"self":[{"href":"https:\/\/ciaoup.it\/index.php?rest_route=\/wp\/v2\/posts\/72823","targetHints":{"allow":["GET"]}}],"collection":[{"href":"https:\/\/ciaoup.it\/index.php?rest_route=\/wp\/v2\/posts"}],"about":[{"href":"https:\/\/ciaoup.it\/index.php?rest_route=\/wp\/v2\/types\/post"}],"author":[{"embeddable":true,"href":"https:\/\/ciaoup.it\/index.php?rest_route=\/wp\/v2\/users\/3"}],"replies":[{"embeddable":true,"href":"https:\/\/ciaoup.it\/index.php?rest_route=%2Fwp%2Fv2%2Fcomments&post=72823"}],"version-history":[{"count":1,"href":"https:\/\/ciaoup.it\/index.php?rest_route=\/wp\/v2\/posts\/72823\/revisions"}],"predecessor-version":[{"id":72839,"href":"https:\/\/ciaoup.it\/index.php?rest_route=\/wp\/v2\/posts\/72823\/revisions\/72839"}],"wp:featuredmedia":[{"embeddable":true,"href":"https:\/\/ciaoup.it\/index.php?rest_route=\/wp\/v2\/media\/72824"}],"wp:attachment":[{"href":"https:\/\/ciaoup.it\/index.php?rest_route=%2Fwp%2Fv2%2Fmedia&parent=72823"}],"wp:term":[{"taxonomy":"category","embeddable":true,"href":"https:\/\/ciaoup.it\/index.php?rest_route=%2Fwp%2Fv2%2Fcategories&post=72823"},{"taxonomy":"post_tag","embeddable":true,"href":"https:\/\/ciaoup.it\/index.php?rest_route=%2Fwp%2Fv2%2Ftags&post=72823"}],"curies":[{"name":"wp","href":"https:\/\/api.w.org\/{rel}","templated":true}]}}