{"id":63120,"date":"2026-03-17T16:20:02","date_gmt":"2026-03-17T16:20:02","guid":{"rendered":"https:\/\/ciaoup.it\/?p=63120"},"modified":"2026-03-17T16:20:02","modified_gmt":"2026-03-17T16:20:02","slug":"meningite-epidemia-fra-studenti-in-uk-2-morti-e-15-casi-confermati","status":"publish","type":"post","link":"https:\/\/ciaoup.it\/?p=63120","title":{"rendered":"Meningite, epidemia fra studenti in Uk: 2 morti e 15 casi confermati"},"content":{"rendered":"<p> (Adnkronos) &#8211; E&#8217; allarme meningite in Inghilterra, dove negli ultimi giorni si \u00e8 registrata una preoccupante diffusione di casi, in particolare tra studenti universitari. Un recente focolaio nel Kent, zona a Sud-Est di Londra ha causato due morti e 13 ricoveri, spingendo le autorit\u00e0 sanitarie ad avviare campagne di vaccinazione e somministrazione di antibiotici per contenere il contagio\u00a0<\/p>\n<p>Le vittime sono un alunno della Queen Elizabeth&#8217;s Grammar School di Faversham e uno studente dell&#8217;universit\u00e0 del Kent. Le autorit\u00e0 sanitarie hanno contattato 30mila persone, tra studenti, personale delle scuole e dell&#8217;universit\u00e0 del Kent e i loro familiari, per la sorveglianza che scatta in questi casi.\u00a0<\/p>\n<p>L&#8217;Agenzia britannica per la sicurezza sanitaria (UKHSA) ha dichiarato che ci sono ad oggi 15 casi, di cui 4 confermati (compresi i due decessi) di meningite B, contro il quale la maggior parte della popolazione non \u00e8 vaccinata. I restanti sono sotto indagine.\u00a0<\/p>\n<p>Per questo \u00e8 stato annunciato l&#8217;avvio di un piccolo programma di vaccinazione per gli studenti residenti nelle residenze universitarie del campus di Canterbury. Il vaccino contro la meningite B &#8211; riporta la &#8216;Bbc&#8217; &#8211; sar\u00e0 offerto ad alcuni studenti dell&#8217;universit\u00e0 del Kent nell&#8217;ambito di un programma mirato per contrastare l&#8217;epidemia. Il ministro della Salute, Wes Streeting, ha anche affermato che &#8220;i criteri di ammissibilit\u00e0 generale per il vaccino contro la MenB saranno riesaminati&#8221;. \u00a0<\/p>\n<p>La vaccinazione di routine contro la MenB \u00e8 stata introdotta per i neonati nel 2015, il che significa che gli adolescenti pi\u00f9 grandi non sono stati vaccinati, a meno che non lo abbiano ricevuto privatamente.\u00a0<\/p>\n<p>La meningite \u00e8 una malattia infettiva che consiste nell\u2019infiammazione delle meningi, le membrane che avvolgono cervello e midollo spinale. Pu\u00f2 essere causata da virus, batteri o altri microrganismi. \u00a0<\/p>\n<p>\nLa forma batterica, causata da Neisseria meningitidis sierogruppo B,  \u00e8 la pi\u00f9 grave e fulminante. Colpisce le membrane del cervello (meningi) e il sangue (sepsi) ed \u00e8 particolarmente pericolosa per neonati e adolescenti a cui pu\u00f2 causare danni permanenti o il decesso in poche ore.\u00a0<\/p>\n<p>I sintomi possono comparire improvvisamente e peggiorare velocemente: tra i pi\u00f9 comuni ci sono febbre alta, forte mal di testa, rigidit\u00e0 del collo, nausea, vomito e sonnolenza. In alcuni casi pu\u00f2 comparire anche un\u2019eruzione cutanea che non scompare alla pressione, segno tipico delle forme pi\u00f9 gravi .\u00a0<\/p>\n<p> La malattia si trasmette attraverso il contatto stretto tra persone, ad esempio tramite saliva, tosse o condivisione di oggetti.\u00a0<\/p>\n<p>La prevenzione \u00e8 fondamentale: il metodo pi\u00f9 efficace \u00e8 la vaccinazione contro i principali batteri responsabili (come meningococco, pneumococco e Haemophilus influenzae). Inoltre, \u00e8 importante evitare comportamenti a rischio, come condividere bevande o oggetti personali, e rivolgersi subito a un medico in presenza dei sintomi .\u00a0<\/p>\n<p>\u00a0<\/p>\n<p>Sull&#8217;epidemia \u00e8 intervenuto via social l&#8217;infettivologo Matteo Bassetti: &#8220;Bisogna fare di pi\u00f9 dal punto di vista della prevenzione, anche in Italia&#8221;, sottolinea. \u00a0<\/p>\n<p>&#8212;<\/p>\n<p>internazionale\/esteri<\/p>\n<p>webinfo@adnkronos.com (Web Info)<\/p>\n<div style=\"display:flex; gap:10px;justify-content:center\" class=\"wps-pgfw-pdf-generate-icon__wrapper-frontend\">\n\t\t<a  href=\"https:\/\/ciaoup.it?action=genpdf&amp;id=63120\" class=\"pgfw-single-pdf-download-button\" ><img src=\"https:\/\/ciaoup.it\/wp-content\/plugins\/pdf-generator-for-wp\/admin\/src\/images\/PDF_Tray.svg\" title=\"Generate PDF\" style=\"width:auto; height:45px;\"><\/a>\n\t\t<\/div>","protected":false},"excerpt":{"rendered":"<p>(Adnkronos) &#8211; E&#8217; allarme meningite in Inghilterra, dove negli ultimi giorni si \u00e8 registrata una&hellip;<\/p>\n","protected":false},"author":3,"featured_media":63121,"comment_status":"open","ping_status":"closed","sticky":false,"template":"","format":"standard","meta":{"footnotes":""},"categories":[12],"tags":[3],"class_list":["post-63120","post","type-post","status-publish","format-standard","has-post-thumbnail","hentry","category-comunicati","tag-ultimora"],"_links":{"self":[{"href":"https:\/\/ciaoup.it\/index.php?rest_route=\/wp\/v2\/posts\/63120","targetHints":{"allow":["GET"]}}],"collection":[{"href":"https:\/\/ciaoup.it\/index.php?rest_route=\/wp\/v2\/posts"}],"about":[{"href":"https:\/\/ciaoup.it\/index.php?rest_route=\/wp\/v2\/types\/post"}],"author":[{"embeddable":true,"href":"https:\/\/ciaoup.it\/index.php?rest_route=\/wp\/v2\/users\/3"}],"replies":[{"embeddable":true,"href":"https:\/\/ciaoup.it\/index.php?rest_route=%2Fwp%2Fv2%2Fcomments&post=63120"}],"version-history":[{"count":1,"href":"https:\/\/ciaoup.it\/index.php?rest_route=\/wp\/v2\/posts\/63120\/revisions"}],"predecessor-version":[{"id":63142,"href":"https:\/\/ciaoup.it\/index.php?rest_route=\/wp\/v2\/posts\/63120\/revisions\/63142"}],"wp:featuredmedia":[{"embeddable":true,"href":"https:\/\/ciaoup.it\/index.php?rest_route=\/wp\/v2\/media\/63121"}],"wp:attachment":[{"href":"https:\/\/ciaoup.it\/index.php?rest_route=%2Fwp%2Fv2%2Fmedia&parent=63120"}],"wp:term":[{"taxonomy":"category","embeddable":true,"href":"https:\/\/ciaoup.it\/index.php?rest_route=%2Fwp%2Fv2%2Fcategories&post=63120"},{"taxonomy":"post_tag","embeddable":true,"href":"https:\/\/ciaoup.it\/index.php?rest_route=%2Fwp%2Fv2%2Ftags&post=63120"}],"curies":[{"name":"wp","href":"https:\/\/api.w.org\/{rel}","templated":true}]}}