{"id":63071,"date":"2026-03-17T14:57:00","date_gmt":"2026-03-17T14:57:00","guid":{"rendered":"https:\/\/ciaoup.it\/?p=63071"},"modified":"2026-03-17T14:57:00","modified_gmt":"2026-03-17T14:57:00","slug":"meloni-ospite-di-fedez-e-mr-marra-intervista-a-pulp-podcast-referendum-non-e-voto-su-di-me","status":"publish","type":"post","link":"https:\/\/ciaoup.it\/?p=63071","title":{"rendered":"Meloni ospite di Fedez e Mr Marra, intervista a Pulp Podcast: &#8220;Referendum non \u00e8 voto su di me&#8221;"},"content":{"rendered":"<p> (Adnkronos) &#8211;<br \/>\nLa presidente del Consiglio Giorgia Meloni \u00e8 ospite di Fedez e Mr. Marra in una puntata speciale di Pulp Podcast, girata in via eccezionale a Roma e disponibile da gioved\u00ec 19 marzo alle 13:00, in cui affronta alcuni dei temi pi\u00f9 rilevanti dell\u2019attualit\u00e0 politica e internazionale: il referendum sulla riforma della giustizia, il conflitto in Medio Oriente e il rapporto tra Europa e Stati Uniti all\u2019interno dell\u2019attuale sistema internazionale.\u00a0<\/p>\n<p>Nel corso della conversazione con Fedez e Mr. Marra, la premier ha ribadito che il referendum sulla giustizia non dovrebbe essere trasformato in uno scontro politico tra governo e opposizione: &#8220;Non si vota sulla Meloni, si vota sulla giustizia. Anche chi non condivide questo governo dovrebbe valutare nel merito una riforma che punta a migliorare il funzionamento del sistema&#8221;. Secondo la presidente, il referendum rischia di essere utilizzato come strumento di mobilitazione politica invece che come occasione per affrontare i problemi strutturali della giustizia italiana. Cos\u00ec, dice la premier, il fronte del &#8216;No&#8217; starebbe cercando di trasformare la consultazione in un voto contro il governo perch\u00e9 avrebbe difficolt\u00e0 a contestare nel merito la riforma. Nel dialogo vengono affrontati i principali punti della riforma, tra cui la separazione delle carriere tra giudici e pubblici ministeri, il nuovo assetto disciplinare della magistratura e il sistema di selezione dei membri di quelli che sarebbero i nuovi Consigli superiori della magistratura e dell\u2019Alta Corte.\u00a0<\/p>\n<p>Nel corso dell&#8217;intervista, la presidente del Consiglio ha chiarito la posizione dell\u2019Italia rispetto all\u2019attacco contro l\u2019Iran. &#8220;L&#8217;Italia non partecipa a questo attacco nei confronti dell\u2019Iran e non intende partecipare. Il nostro lavoro \u00e8 favorire una de-escalation&#8221;, ha dichiarato Meloni, evidenziando inoltre come la crisi attuale si inserisca in un contesto pi\u00f9 ampio di indebolimento delle istituzioni internazionali. &#8220;Stiamo vivendo una evidente crisi del diritto internazionale, con decisioni unilaterali che si moltiplicano e istituzioni sempre meno efficaci&#8221;. Tra le criticit\u00e0 citate dalla premier anche le difficolt\u00e0 delle Nazioni Unite, che secondo Meloni non riescono pi\u00f9 a svolgere pienamente il ruolo di garante dell\u2019ordine internazionale.\u00a0<\/p>\n<p>\u00a0<\/p>\n<p>In tal senso, Fedez e Mr. Marra hanno affrontato insieme alla presidente del Consiglio anche il rapporto tra Europa e Stati Uniti, riconoscendo l\u2019influenza americana sulla politica europea negli ultimi decenni. Secondo Meloni, questa dinamica \u00e8 legata anche alla dipendenza europea sul piano della sicurezza, mandando anche un messaggio a chi contesta gli investimenti per la difesa comunitaria. &#8220;Se chiedi a qualcuno di farsi carico della tua sicurezza, non lo fa gratis\u201d, ha specificato Meloni. Per questo la premier ha ribadito la necessit\u00e0 di rafforzare l\u2019autonomia strategica europea, soprattutto nei settori della difesa, dell\u2019energia e delle materie prime. \u201cPer anni abbiamo accettato di dipendere dagli Stati Uniti per la difesa, dalla Russia per l\u2019energia e dalla Cina per le materie prime&#8221;. \u00a0<\/p>\n<p>Secondo Meloni, gli shock degli ultimi anni &#8211; dalla pandemia alla guerra in Ucraina fino alla crisi in Medio Oriente &#8211; hanno reso evidente la necessit\u00e0 di costruire una maggiore capacit\u00e0 di autonomia economica e strategica dell\u2019Europa.\u00a0<\/p>\n<p>&#8212;<\/p>\n<p>politica<\/p>\n<p>webinfo@adnkronos.com (Web Info)<\/p>\n<div style=\"display:flex; gap:10px;justify-content:center\" class=\"wps-pgfw-pdf-generate-icon__wrapper-frontend\">\n\t\t<a  href=\"https:\/\/ciaoup.it?action=genpdf&amp;id=63071\" class=\"pgfw-single-pdf-download-button\" ><img src=\"https:\/\/ciaoup.it\/wp-content\/plugins\/pdf-generator-for-wp\/admin\/src\/images\/PDF_Tray.svg\" title=\"Generate PDF\" style=\"width:auto; height:45px;\"><\/a>\n\t\t<\/div>","protected":false},"excerpt":{"rendered":"<p>(Adnkronos) &#8211; La presidente del Consiglio Giorgia Meloni \u00e8 ospite di Fedez e Mr. Marra&hellip;<\/p>\n","protected":false},"author":3,"featured_media":63072,"comment_status":"open","ping_status":"closed","sticky":false,"template":"","format":"standard","meta":{"footnotes":""},"categories":[12],"tags":[3],"class_list":["post-63071","post","type-post","status-publish","format-standard","has-post-thumbnail","hentry","category-comunicati","tag-ultimora"],"_links":{"self":[{"href":"https:\/\/ciaoup.it\/index.php?rest_route=\/wp\/v2\/posts\/63071","targetHints":{"allow":["GET"]}}],"collection":[{"href":"https:\/\/ciaoup.it\/index.php?rest_route=\/wp\/v2\/posts"}],"about":[{"href":"https:\/\/ciaoup.it\/index.php?rest_route=\/wp\/v2\/types\/post"}],"author":[{"embeddable":true,"href":"https:\/\/ciaoup.it\/index.php?rest_route=\/wp\/v2\/users\/3"}],"replies":[{"embeddable":true,"href":"https:\/\/ciaoup.it\/index.php?rest_route=%2Fwp%2Fv2%2Fcomments&post=63071"}],"version-history":[{"count":1,"href":"https:\/\/ciaoup.it\/index.php?rest_route=\/wp\/v2\/posts\/63071\/revisions"}],"predecessor-version":[{"id":63104,"href":"https:\/\/ciaoup.it\/index.php?rest_route=\/wp\/v2\/posts\/63071\/revisions\/63104"}],"wp:featuredmedia":[{"embeddable":true,"href":"https:\/\/ciaoup.it\/index.php?rest_route=\/wp\/v2\/media\/63072"}],"wp:attachment":[{"href":"https:\/\/ciaoup.it\/index.php?rest_route=%2Fwp%2Fv2%2Fmedia&parent=63071"}],"wp:term":[{"taxonomy":"category","embeddable":true,"href":"https:\/\/ciaoup.it\/index.php?rest_route=%2Fwp%2Fv2%2Fcategories&post=63071"},{"taxonomy":"post_tag","embeddable":true,"href":"https:\/\/ciaoup.it\/index.php?rest_route=%2Fwp%2Fv2%2Ftags&post=63071"}],"curies":[{"name":"wp","href":"https:\/\/api.w.org\/{rel}","templated":true}]}}