{"id":63054,"date":"2026-03-17T14:09:50","date_gmt":"2026-03-17T14:09:50","guid":{"rendered":"https:\/\/ciaoup.it\/?p=63054"},"modified":"2026-03-17T14:09:50","modified_gmt":"2026-03-17T14:09:50","slug":"minasi-lega-malattie-neurologiche-prima-causa-di-disabilita","status":"publish","type":"post","link":"https:\/\/ciaoup.it\/?p=63054","title":{"rendered":"Minasi (Lega): &#8220;Malattie neurologiche prima causa di disabilit\u00e0&#8221;"},"content":{"rendered":"<p> (Adnkronos) &#8211; &#8220;Le malattie neurologiche secondo l&#8217;Oms colpiscono oltre 3 miliardi di persone nel mondo e rappresentano la principale causa di cattiva salute e disabilit\u00e0. Un fenomeno destinato a crescere anche a causa dell&#8217;invecchiamento della popolazione, che comporta un aumento dei casi di demenza e di altre patologie neurodegenerative. La firma del protocollo di intesa &#8211; oggi in Senato &#8211; tra Societ\u00e0 italiana di neurologia, Croce rossa italiana e Fondazione Aletheia per la prevenzione neurologia rappresenta un passaggio importante. E&#8217; necessario rafforzare una grande collaborazione tra mondo scientifico, Istituzioni e associazioni dei pazienti&#8221;. Lo ha detto la senatrice della Lega Tilde Minasi, in apertura della conferenza stampa &#8216;Salute del cervello &#8211; prevenzione, politiche, prospettive&#8217; nella Sala Caduti di Nassirya del Senato. L\u2019iniziativa &#8211; promossa dalla stessa Minasi &#8211; si \u00e8 svolta in occasione della Settimana del cervello (16-22 marzo), con l&#8217;obiettivo di consolidare una strategia condivisa per rispondere al peso crescente delle patologie neurologiche.\u00a0<\/p>\n<p> &#8220;Parlare di salute del cervello significa parlare di prevenzione, di diagnosi precoce, di accesso alle cure, di sostegno alle famiglie &#8211; ha aggiunto Minasi &#8211; Le pi\u00f9 recenti evidenze scientifiche dimostrano che intervenendo in modo preventivo su diversi fattori di rischio \u00e8 possibile prevenire o ritardare nel tempo una quota significativa dei casi di demenza&#8221;. Quindi il &#8220;nostro compito \u00e8 lavorare con decisione sulla prevenzione primaria e sulla promozione di corretti stili di vita, strumenti fondamentali per ridurre l&#8217;incidenza delle demenze e delle malattie neurodegenerative, ma anche molte altre patologie&#8221;. Allo stesso tempo, &#8220;\u00e8 fondamentale investire nei servizi di prossimit\u00e0, consolidare le reti dell&#8217;assistenza territoriale e accompagnare con continuit\u00e0 lo sviluppo della ricerca e dell&#8217;innovazione&#8221;. \u00a0<\/p>\n<p>&#8220;Il Governo &#8211; ha ricordato la senatrice &#8211; si sta muovendo in questa direzione. Penso, ad esempio, al rifinanziamento del Fondo Alzheimer con uno stanziamento di 34 milioni di euro, risorse destinate a garantire continuit\u00e0 ai progetti gi\u00e0 avviati e a sostenere nuove iniziative in coerenza con il Piano nazionale demenze. A questo si aggiunge, anche nell&#8217;ambito della rimodulazione del Pnrr, il rafforzamento degli investimenti in telemedicina e assistenza domiciliare, strumenti che possono incidere in modo significativo sulla qualit\u00e0 della presa in carico, anche in ambito neurologico&#8221;. Oggi il tema della salute del cervello &#8220;richiede una visione sempre pi\u00f9 integrata e capacit\u00e0 di anticipare i bisogni&#8221;, ha concluso.\u00a0<\/p>\n<p>&#8212;<\/p>\n<p>salute<\/p>\n<p>webinfo@adnkronos.com (Web Info)<\/p>\n<div style=\"display:flex; gap:10px;justify-content:center\" class=\"wps-pgfw-pdf-generate-icon__wrapper-frontend\">\n\t\t<a  href=\"https:\/\/ciaoup.it?action=genpdf&amp;id=63054\" class=\"pgfw-single-pdf-download-button\" ><img src=\"https:\/\/ciaoup.it\/wp-content\/plugins\/pdf-generator-for-wp\/admin\/src\/images\/PDF_Tray.svg\" title=\"Generate PDF\" style=\"width:auto; height:45px;\"><\/a>\n\t\t<\/div>","protected":false},"excerpt":{"rendered":"<p>(Adnkronos) &#8211; &#8220;Le malattie neurologiche secondo l&#8217;Oms colpiscono oltre 3 miliardi di persone nel mondo&hellip;<\/p>\n","protected":false},"author":3,"featured_media":63055,"comment_status":"open","ping_status":"closed","sticky":false,"template":"","format":"standard","meta":{"footnotes":""},"categories":[12],"tags":[3],"class_list":["post-63054","post","type-post","status-publish","format-standard","has-post-thumbnail","hentry","category-comunicati","tag-ultimora"],"_links":{"self":[{"href":"https:\/\/ciaoup.it\/index.php?rest_route=\/wp\/v2\/posts\/63054","targetHints":{"allow":["GET"]}}],"collection":[{"href":"https:\/\/ciaoup.it\/index.php?rest_route=\/wp\/v2\/posts"}],"about":[{"href":"https:\/\/ciaoup.it\/index.php?rest_route=\/wp\/v2\/types\/post"}],"author":[{"embeddable":true,"href":"https:\/\/ciaoup.it\/index.php?rest_route=\/wp\/v2\/users\/3"}],"replies":[{"embeddable":true,"href":"https:\/\/ciaoup.it\/index.php?rest_route=%2Fwp%2Fv2%2Fcomments&post=63054"}],"version-history":[{"count":1,"href":"https:\/\/ciaoup.it\/index.php?rest_route=\/wp\/v2\/posts\/63054\/revisions"}],"predecessor-version":[{"id":63089,"href":"https:\/\/ciaoup.it\/index.php?rest_route=\/wp\/v2\/posts\/63054\/revisions\/63089"}],"wp:featuredmedia":[{"embeddable":true,"href":"https:\/\/ciaoup.it\/index.php?rest_route=\/wp\/v2\/media\/63055"}],"wp:attachment":[{"href":"https:\/\/ciaoup.it\/index.php?rest_route=%2Fwp%2Fv2%2Fmedia&parent=63054"}],"wp:term":[{"taxonomy":"category","embeddable":true,"href":"https:\/\/ciaoup.it\/index.php?rest_route=%2Fwp%2Fv2%2Fcategories&post=63054"},{"taxonomy":"post_tag","embeddable":true,"href":"https:\/\/ciaoup.it\/index.php?rest_route=%2Fwp%2Fv2%2Ftags&post=63054"}],"curies":[{"name":"wp","href":"https:\/\/api.w.org\/{rel}","templated":true}]}}