{"id":63010,"date":"2026-03-17T13:15:59","date_gmt":"2026-03-17T13:15:59","guid":{"rendered":"https:\/\/ciaoup.it\/?p=63010"},"modified":"2026-03-17T13:15:59","modified_gmt":"2026-03-17T13:15:59","slug":"in-italia-quasi-15-mln-con-demenza-siglata-intesa-su-prevenzione","status":"publish","type":"post","link":"https:\/\/ciaoup.it\/?p=63010","title":{"rendered":"In Italia quasi 1,5 mln con demenza, siglata intesa su prevenzione"},"content":{"rendered":"<p> (Adnkronos) &#8211; Secondo il nuovo rapporto &#8216;The prevalence of dementia in Europe 2025&#8217; di Alzheimer Europe, in Italia vivono oltre 1.430.000 persone con demenza: un numero che aumenter\u00e0 del 54% entro il 2050, raggiungendo circa 2,2 milioni di casi, con il nostro Paese al primo posto nell&#8217;Ue per incidenza in rapporto alla popolazione. Alla luce di questi dati, e visto il peso della malattia, la Societ\u00e0 italiana di neurologia (Sin), Croce rossa italiana e Fondazione Aletheia hanno firmato oggi nella Sala Nassirya del Senato il protocollo d&#8217;intesa che d\u00e0 avvio alla campagna nazionale &#8216;Salute del cervello: prevenzione, politiche, prospettive&#8217;. L&#8217;iniziativa si \u00e8 svolta in occasione della Settimana del cervello (16-22 marzo), con l&#8217;obiettivo di consolidare una strategia condivisa per rispondere al peso crescente delle patologie neurologiche. Secondo il Global status report on neurology dell&#8217;Oms, infatti, i disturbi neurologici interessano 3,4 miliardi di persone nel mondo e costituiscono la prima causa globale di cattiva salute e disabilit\u00e0. \u00a0<\/p>\n<p>&#8220;Le evidenze indicano che, tra i fattori di rischio per la demenza come ipertensione, diabete, obesit\u00e0, inattivit\u00e0 fisica, fumo, perdita uditiva non trattata, isolamento sociale e inquinamento, alcuni sono modificabili e intervenire su di essi potrebbe ridurre il rischio di demenza fino al 45% &#8211; ha sottolineato Mario Zappia, presidente Sin &#8211; Anche la malattia di Parkinson, una delle principali malattie neurodegenerative al mondo e seconda causa di disabilit\u00e0 motoria nell&#8217;adulto dopo l&#8217;ictus, \u00e8 il risultato della combinazione tra predisposizione genetica, fattori ambientali e condizioni legate allo stile di vita. Questo protocollo nasce dalla volont\u00e0 di portare la prevenzione neurologica allo stesso livello di ci\u00f2 che il nostro Paese ha gi\u00e0 saputo fare per le malattie oncologiche o cardiovascolari. Insieme a Croce rossa italiana e Fondazione Aletheia vogliamo rendere questo impegno una priorit\u00e0 nazionale&#8221;. \u00a0<\/p>\n<p>A questi elementi si aggiunge il ruolo della dieta: gli alimenti ultra-formulati (o ultra-processati), sempre pi\u00f9 affermati tra la popolazione e le nuove generazioni, sono associati a un aumento del declino cognitivo, mentre la dieta mediterranea mostra un effetto protettivo fino al 30%. &#8220;Agire su fattori di rischio modificabili per l&#8217;insorgenza di patologie croniche non trasmissibili, tra cui quelle neurodegenerative, \u00e8 cruciale per garantire un futuro di salute alle nuove generazioni &#8211; ha evidenziato Riccardo Fargione, direttore della Fondazione Aletheia &#8211; L&#8217;alimentazione \u00e8 una medicina naturale imprescindibile e la dieta mediterranea rappresenta uno scudo protettivo in grado di ridurre fino al 30% i rischi di demenza e altre patologie neurodegenerative, migliorando le funzioni cognitive nel corso della nostra vita. Oggi Aletheia, Sin e Croce rossa italiana avviano un percorso serio per la prevenzione neurologica, perch\u00e9 come spesso ricordiamo la salute nasce anche a tavola&#8221;. L&#8217;alleanza intersettoriale punta ora a sviluppare un programma congiunto di sensibilizzazione e prevenzione lungo tutto l&#8217;arco della vita, integrando corretti stili di vita, alimentazione equilibrata, educazione sanitaria e iniziative territoriali grazie anche alla capillarit\u00e0 di Cri.\u00a0<\/p>\n<p>&#8220;La presenza capillare sul territorio, il coinvolgimento delle comunit\u00e0 attraverso il nostro volontariato e l&#8217;impegno nel supporto alle persone pi\u00f9 vulnerabili sono elementi che contraddistinguono l&#8217;azione della Croce rossa italiana &#8211; ha dichiarato Valerio Mogini, direttore socio-sanitario della Cri &#8211; In questo senso, la prevenzione rappresenta uno dei pilastri fondamentali delle attivit\u00e0 della Cri, che negli anni ha sviluppato sempre pi\u00f9 interventi multidimensionali, in cui l&#8217;accesso ai servizi sanitari, la promozione di stili di vita sani e il sostegno alle persone in condizioni di vulnerabilit\u00e0 si integrano con i temi della sostenibilit\u00e0 economica, ambientale e sociale. Il protocollo firmato oggi con la Societ\u00e0 italiana di neurologia e la Fondazione Aletheia rafforza un percorso gi\u00e0 avviato dalla Croce rossa Italiana e rappresenta un&#8217;importante opportunit\u00e0 per mettere a sistema competenze scientifiche, presenza territoriale e capacit\u00e0 di coinvolgimento delle comunit\u00e0. Grazie a questa collaborazione  sar\u00e0 possibile promuovere azioni di sensibilizzazione e prevenzione sempre pi\u00f9 incisive, contribuendo alla tutela della salute delle persone lungo tutto l&#8217;arco della vita, anche sotto il profilo neurologico&#8221;.\u00a0<\/p>\n<p>Alla conferenza \u00e8 intervenuta la senatrice Tilde Minasi, componente della Commissione Affari sociali del Senato e promotrice dell&#8217;incontro. &#8220;La salute del cervello &#8211; ha affermato &#8211; deve essere considerata una priorit\u00e0 pubblica. Il protocollo firmato oggi tra Societ\u00e0 italiana di neurologia, Croce rossa italiana e Fondazione Aletheia rappresenta un passaggio importante, perch\u00e9 afferma con chiarezza che la prevenzione neurologica non pu\u00f2 pi\u00f9 essere un tema marginale, ma deve entrare stabilmente nell\u2019agenda delle Istituzioni. Di fronte a numeri cos\u00ec rilevanti non basta registrare i problemi: occorre governarli, rafforzando appunto prevenzione, informazione, presa in carico e prossimit\u00e0 dei servizi. E&#8217; in questa direzione che continuiamo a muoverci come Governo e attraverso le Commissioni competenti, traducendo le evidenze scientifiche in scelte pubbliche efficaci e costruendo una strategia sempre pi\u00f9 solida a tutela della salute neurologica, delle famiglie e della qualit\u00e0 della vita delle persone&#8221;.\u00a0<\/p>\n<p>Ha concluso Giovanni Leonardi, Capo Dipartimento della Salute umana, della salute animale, dell&#8217;ecosistema (One health) e dei Rapporti internazionali del ministero della Salute: &#8220;Una quota significativa delle principali patologie neurologiche \u00e8 associata a fattori di rischio potenzialmente modificabili sui quali \u00e8 possibile intervenire efficacemente attraverso un approccio integrato e multidisciplinare, nell&#8217;ottica One health, al fine di promuovere comportamenti salutari lungo tutte le et\u00e0 della vita, accrescere la consapevolezza dei cittadini e favorire contesti di vita favorevoli alla salute&#8221;. \u00a0<\/p>\n<p>&#8212;<\/p>\n<p>salute<\/p>\n<p>webinfo@adnkronos.com (Web Info)<\/p>\n<div style=\"display:flex; gap:10px;justify-content:center\" class=\"wps-pgfw-pdf-generate-icon__wrapper-frontend\">\n\t\t<a  href=\"https:\/\/ciaoup.it?action=genpdf&amp;id=63010\" class=\"pgfw-single-pdf-download-button\" ><img src=\"https:\/\/ciaoup.it\/wp-content\/plugins\/pdf-generator-for-wp\/admin\/src\/images\/PDF_Tray.svg\" title=\"Generate PDF\" style=\"width:auto; height:45px;\"><\/a>\n\t\t<\/div>","protected":false},"excerpt":{"rendered":"<p>(Adnkronos) &#8211; Secondo il nuovo rapporto &#8216;The prevalence of dementia in Europe 2025&#8217; di Alzheimer&hellip;<\/p>\n","protected":false},"author":3,"featured_media":63011,"comment_status":"open","ping_status":"closed","sticky":false,"template":"","format":"standard","meta":{"footnotes":""},"categories":[12],"tags":[3],"class_list":["post-63010","post","type-post","status-publish","format-standard","has-post-thumbnail","hentry","category-comunicati","tag-ultimora"],"_links":{"self":[{"href":"https:\/\/ciaoup.it\/index.php?rest_route=\/wp\/v2\/posts\/63010","targetHints":{"allow":["GET"]}}],"collection":[{"href":"https:\/\/ciaoup.it\/index.php?rest_route=\/wp\/v2\/posts"}],"about":[{"href":"https:\/\/ciaoup.it\/index.php?rest_route=\/wp\/v2\/types\/post"}],"author":[{"embeddable":true,"href":"https:\/\/ciaoup.it\/index.php?rest_route=\/wp\/v2\/users\/3"}],"replies":[{"embeddable":true,"href":"https:\/\/ciaoup.it\/index.php?rest_route=%2Fwp%2Fv2%2Fcomments&post=63010"}],"version-history":[{"count":1,"href":"https:\/\/ciaoup.it\/index.php?rest_route=\/wp\/v2\/posts\/63010\/revisions"}],"predecessor-version":[{"id":63032,"href":"https:\/\/ciaoup.it\/index.php?rest_route=\/wp\/v2\/posts\/63010\/revisions\/63032"}],"wp:featuredmedia":[{"embeddable":true,"href":"https:\/\/ciaoup.it\/index.php?rest_route=\/wp\/v2\/media\/63011"}],"wp:attachment":[{"href":"https:\/\/ciaoup.it\/index.php?rest_route=%2Fwp%2Fv2%2Fmedia&parent=63010"}],"wp:term":[{"taxonomy":"category","embeddable":true,"href":"https:\/\/ciaoup.it\/index.php?rest_route=%2Fwp%2Fv2%2Fcategories&post=63010"},{"taxonomy":"post_tag","embeddable":true,"href":"https:\/\/ciaoup.it\/index.php?rest_route=%2Fwp%2Fv2%2Ftags&post=63010"}],"curies":[{"name":"wp","href":"https:\/\/api.w.org\/{rel}","templated":true}]}}