{"id":63006,"date":"2026-03-17T13:29:00","date_gmt":"2026-03-17T13:29:00","guid":{"rendered":"https:\/\/ciaoup.it\/?p=63006"},"modified":"2026-03-17T13:29:00","modified_gmt":"2026-03-17T13:29:00","slug":"ddl-riforma-responsabilita-medica-confronto-tra-esperti-alluniversita-tor-vergata-di-roma","status":"publish","type":"post","link":"https:\/\/ciaoup.it\/?p=63006","title":{"rendered":"Ddl riforma responsabilit\u00e0 medica, confronto tra esperti all&#8217;universit\u00e0 Tor Vergata di Roma"},"content":{"rendered":"<p> (Adnkronos) &#8211; La ricerca di una corretta attribuzione delle varie forme di responsabilit\u00e0 in ambito sanitario e il contrasto al fenomeno della medicina difensiva sono questioni centrali e sempre pi\u00f9 attuali nel dibattito pubblico. A queste tematiche &#8211; e alle prospettive di riforma che si sono tradotte in un disegno di legge promosso dal ministero della Salute, attualmente all&#8217;esame della Camera dei deputati &#8211; \u00e8 dedicato il convegno &#8216;Verso la riforma della responsabilit\u00e0 medica, una prospettiva multidisciplinare&#8217;, che si \u00e8 svolto oggi alla Facolt\u00e0 di Medicina e Chirurgia dell&#8217;universit\u00e0 di Roma Tor Vergata, organizzato in sinergia tra il Dipartimento di Biomedicina e Prevenzione e il Dipartimento di Giurisprudenza dell&#8217;ateneo e il CeSDirSan, Centro interdisciplinare di studi sul diritto sanitario. L&#8217;evento \u00e8 organizzato con il patrocinio della Simla (Societ\u00e0 italiana di medicina legale e delle assicurazioni). \u00a0<\/p>\n<p>&#8220;Un ringraziamento particolare ai docenti che si sono fatti nel corso del tempo promotori di queste iniziative&#8221; sul dibatitto della riforma della responsabilit\u00e0 sanitaria, anche con &#8220;la possibilit\u00e0 di aver messo a fattor comune competenze diverse: giuridiche, mediche, istituzionali e scientifiche &#8211; ha detto nel suo intervento Nathan Levialdi Ghiron, rettore dell&#8217;universit\u00e0 di Roma Tor Vergata &#8211; Il titolo del convegno richiama esplicitamente una prospettiva multidisciplinare. Questo \u00e8 certamente un punto di forza caratterizzante molto importante. E&#8217; proprio questa la chiave pi\u00f9 efficace per affrontare una materia cos\u00ec complessa come quella della responsabilit\u00e0 medica che si colloca al crocevia tra tutela del paziente, sicurezza delle cure, autonomia e serenit\u00e0 dell&#8217;esercizio della professione sanitaria. Il dibattito odierno si inserisce in una fase particolarmente significativa dell&#8217;evoluzione normativa. Infatti, \u00e8 stato approvato dal Consiglio dei ministri lo schema di legge delega volto a riformare il sistema della responsabilit\u00e0 sanitaria. Tra i profili pi\u00f9 rilevanti vi \u00e8 la proposta di riformulazione dell&#8217;articolo 590 sexies del Codice penale che limita la responsabilit\u00e0 penale del professionista sanitario ai casi di colpa grave quando il professionsita si sia tenuto a linee guida o buone pratiche clinico assistenziali adeguate al caso concreto. Si tratta di un intervento che mira, tra l&#8217;altro, a ridurre gli effetti della cosiddetta medicina difensiva, creando condizioni di maggiore serenit\u00e0 tra i professionisti sanitari, senza compromettere la tutela dei pazienti e la sicurezza delle cure. Proprio per questo appare particolarmente importante che il confronto su questi temi si sviluppi in segni di approfondimento scientifico e con il contributo di competenze diverse&#8221;. \u00a0<\/p>\n<p>&#8220;Questa \u00e8 un&#8217;iniziativa che approfondisce un ambito complesso ma anche rilevante: la responsabilit\u00e0 medica &#8211; ha esordito il ministro della Salute, Orazio Schillaci &#8211; E&#8217; un tema, devo dire, molto sentito dal personale sanitario. Il Governo su questo argomento ha posto da subito grande attenzione e anche un impegno concreto. I numeri del contenzioso medico legale, lo sapete, indicano quanto sia vasto questo problema. Ci sono oltre 35.000 azioni legali negli ultimi anni e il 97% in ambito penale poi si risolve in un nulla di fatto. Soprattutto da medico, oltre che da ministro della Salute &#8211; ha sottolineato &#8211; mi preoccupa il fatto che il timore fondato di contenziosi contribuisce ad alimentare la medicina difensiva, che costa al Servizio sanitario nazionale addirittura 9-10 miliardi di euro l&#8217;anno. Questa impatta su tanti aspetti del nostro sistema: tra tutti quello delle liste di attesa. Con il disegno di legge sulla riforma delle professioni sanitarie, insieme al ministro Nordio, ma con il contributo determinante del viceministro Sisto, siamo intervenuti con una modifica della normativa vigente in materia di responsabilit\u00e0 della professionale sanitaria. E&#8217; una norma che abbiamo voluto fortemente proprio per arginare la medicina difensiva, per permettere ai medici e agli operatori sanitari di lavorare con una maggiore serenit\u00e0, quindi a tutela della salute. Viene confermata &#8211; ha ricordato &#8211; la responsabilit\u00e0 penale per colpa grave per chi esercita la professione sanitaria, ma si stabilisce che nell&#8217;accertamento della colpa il giudice debba considerare, oltre al rispetto delle linee guida e delle buone pratiche, anche il contesto, la realt\u00e0 operativa nella quale il medico esercita la sua professione. A volte c&#8217;\u00e8 una scarsit\u00e0 di risorse, c&#8217;\u00e8 una carenza organizzativa, a volte poi anche i pazienti hanno una complessit\u00e0 delle patologie dalle quali sono affetti. Questo \u00e8 quindi un contesto caratterizzato da decisioni cliniche che sono assunte anche in condizioni difficili&#8221;.\u00a0<\/p>\n<p>&#8220;Mi corre obbligo di essere testimone della grande abnegazione che il ministro Schillaci ha posto in questa riforma &#8211; ha dichiarato Francesco Paolo Sisto, viceministro della Giustizia &#8211; Diciamo che \u00e8 stato un po&#8217; lo &#8216;stalker&#8217; indispensabile per raggiungere questo obiettivo e noi abbiamo dato un contributo tecnico, ma senza la sua determinazione non saremmo giunti certamente al risultato. Qualche volta la politica si fa apprezzare &#8211; ha chiosato &#8211; perch\u00e9 prova a mettere insieme le esigenze dei professionisti e quelle del paziente. Io voglio dire subito che un punto di riferimento ineliminabile di questa riforma \u00e8 quello che vuole proteggere il medico perch\u00e9 cura meglio il paziente. Quindi, forti di queste esigenze, abbiamo posto in essere uno sforzo, possiamo dirlo, titanico per poter raggiungere una mediazione a fronte di una serie di ostacoli che, come sempre quando si fanno le cose giuste, ci sono. Noi riteniamo che questa sia la riforma che bilancia correttamente i beni costituzionali, ritengo che il lavoro parlamentare potr\u00e0 anche essere un utile se ci sono dei contributi che possono migliorare questa riforma, ma senza snaturarne la genesi&#8221;. \u00a0<\/p>\n<p>&#8220;Il problema della responsabilit\u00e0 medica blema &#8211; ha evidenziato Roberto Bei, preside della Facolt\u00e0 di Medicina e Chirurgia dell&#8217;universit\u00e0 di Roma Tor Vergata &#8211; non \u00e8 pi\u00f9 settoriale, ma \u00e8 un problema che riguarda diversi aspetti della medicina. Ricordo che la responsabilit\u00e0 medica rappresenta un nodo cruciale della nostra vita democratica e civile e che \u00e8 rappresentata da due aspetti fondamentali: da una parte la tutela della salute, il diritto ad essere curati, e dall&#8217;altra la serenit\u00e0 nell&#8217;esercitare la professione, la serenit\u00e0 nel poter offrire delle cure. Bisogna considerare la responsabilit\u00e0 medica non solamente sanzionatoria e difensiva. Bisogna analizzare due aspetti: da una parte ci sono i diritti dei cittadini, la tutela alla salute, ma dall&#8217;altra non dobbiamo sottovalutare il timore del contenzioso che pu\u00f2 portare a delle distorsioni nell&#8217;attivit\u00e0 medica. Ci deve essere una sorta di garanzia per il medico che opera in questo settore sanitario. Ed ecco qui il ruolo importante dell&#8217;accademia. Che cosa possiamo fare? Noi non dobbiamo solamente fornire le informazioni tecniche ai futuri dottori, quelle che permetteranno loro di esercitare una professione, ma dobbiamo anche insegnare loro la consapevolezza delle responsabilit\u00e0, civili, deontologiche e penali&#8221;. \u00a0<\/p>\n<p>&#8220;Quindi &#8211; ha suggerito Bei &#8211; dobbiamo pensare ad una sorta di formazione sanitaria integrata. Bisogna insegnare a curare, ma anche a curare bene, valutare gli equilibri. Bisogna responsabilizzare i futuri medici e questa responsabilit\u00e0 deve nascere nel quadro in cui vengono operate le cure. Possiamo offrire dei seminari, delle attivit\u00e0 didattico opzionali, invitare, come \u00e8 stato fatto ora, giuristi, magistrati, professionisti che si occupano del risk management. Professionisti che si occupano di analizzare a fondo quelli che sono i contenziosi medici. Pertanto dobbiamo pensare in un modo diverso quando viene fatto un errore. Non bisogna pensare a trovare la colpa, ma &#8211; ha concluso &#8211; comprendere l&#8217;errore e cercare di non farlo pi\u00f9, quindi analizzare l&#8217;errore per impedire che venga fatto nuovamente&#8221;. \u00a0<\/p>\n<p>&#8212;<\/p>\n<p>salute<\/p>\n<p>webinfo@adnkronos.com (Web Info)<\/p>\n<div style=\"display:flex; gap:10px;justify-content:center\" class=\"wps-pgfw-pdf-generate-icon__wrapper-frontend\">\n\t\t<a  href=\"https:\/\/ciaoup.it?action=genpdf&amp;id=63006\" class=\"pgfw-single-pdf-download-button\" ><img src=\"https:\/\/ciaoup.it\/wp-content\/plugins\/pdf-generator-for-wp\/admin\/src\/images\/PDF_Tray.svg\" title=\"Generate PDF\" style=\"width:auto; height:45px;\"><\/a>\n\t\t<\/div>","protected":false},"excerpt":{"rendered":"<p>(Adnkronos) &#8211; La ricerca di una corretta attribuzione delle varie forme di responsabilit\u00e0 in ambito&hellip;<\/p>\n","protected":false},"author":3,"featured_media":63007,"comment_status":"open","ping_status":"closed","sticky":false,"template":"","format":"standard","meta":{"footnotes":""},"categories":[12],"tags":[3],"class_list":["post-63006","post","type-post","status-publish","format-standard","has-post-thumbnail","hentry","category-comunicati","tag-ultimora"],"_links":{"self":[{"href":"https:\/\/ciaoup.it\/index.php?rest_route=\/wp\/v2\/posts\/63006","targetHints":{"allow":["GET"]}}],"collection":[{"href":"https:\/\/ciaoup.it\/index.php?rest_route=\/wp\/v2\/posts"}],"about":[{"href":"https:\/\/ciaoup.it\/index.php?rest_route=\/wp\/v2\/types\/post"}],"author":[{"embeddable":true,"href":"https:\/\/ciaoup.it\/index.php?rest_route=\/wp\/v2\/users\/3"}],"replies":[{"embeddable":true,"href":"https:\/\/ciaoup.it\/index.php?rest_route=%2Fwp%2Fv2%2Fcomments&post=63006"}],"version-history":[{"count":1,"href":"https:\/\/ciaoup.it\/index.php?rest_route=\/wp\/v2\/posts\/63006\/revisions"}],"predecessor-version":[{"id":63034,"href":"https:\/\/ciaoup.it\/index.php?rest_route=\/wp\/v2\/posts\/63006\/revisions\/63034"}],"wp:featuredmedia":[{"embeddable":true,"href":"https:\/\/ciaoup.it\/index.php?rest_route=\/wp\/v2\/media\/63007"}],"wp:attachment":[{"href":"https:\/\/ciaoup.it\/index.php?rest_route=%2Fwp%2Fv2%2Fmedia&parent=63006"}],"wp:term":[{"taxonomy":"category","embeddable":true,"href":"https:\/\/ciaoup.it\/index.php?rest_route=%2Fwp%2Fv2%2Fcategories&post=63006"},{"taxonomy":"post_tag","embeddable":true,"href":"https:\/\/ciaoup.it\/index.php?rest_route=%2Fwp%2Fv2%2Ftags&post=63006"}],"curies":[{"name":"wp","href":"https:\/\/api.w.org\/{rel}","templated":true}]}}