{"id":62976,"date":"2026-03-17T12:08:54","date_gmt":"2026-03-17T12:08:54","guid":{"rendered":"https:\/\/ciaoup.it\/?p=62976"},"modified":"2026-03-17T12:08:54","modified_gmt":"2026-03-17T12:08:54","slug":"milan-fofana-punge-allegri-per-lui-ho-cambiato-ruolo-e-perso-mondiale","status":"publish","type":"post","link":"https:\/\/ciaoup.it\/?p=62976","title":{"rendered":"Milan, Fofana punge Allegri: &#8220;Per lui ho cambiato ruolo e perso Mondiale&#8221;"},"content":{"rendered":"<p> (Adnkronos) &#8211;<br \/>\nYoussouf Fofana punge Massimiliano Allegri. Il centrocampista del Milan, con ogni probabilit\u00e0, non sar\u00e0 convocato dal ct Didier Deschamps per le prossime amichevoli della Francia contro Brasile e Colombia, vedendo cos\u00ec ridotte le sue possibilit\u00e0 di volare al Mondiale 2026, e ha dato la &#8221;colpa&#8217; al ruolo disegnato per lui dal tecnico rossonero: &#8220;Io sono un danno collaterale&#8221;, ha detto in un&#8217;intervista a L&#8217;Equipe.\u00a0<\/p>\n<p>&#8220;Mi ha detto che avrei giocato pi\u00f9 alto e all&#8217;inizio ero anche contento&#8221;, ha rivelato il centrocampista francese, &#8220;ma alla fine ho capito che non era quello che volevo. Lo faccio per la squadra, ma mi piaceva giocare a inizio azione, controllare il ritmo, recuperare palloni&#8221;.\u00a0<\/p>\n<p>Qualit\u00e0 che lo avevano reso punto fermo della Nazionale francese, da cui per\u00f2 non viene convocato dal 2024: &#8220;Non penso di essere abbastanza forte per questo ruolo, lo dicono anche le statistiche&#8221;, ha continuato Fofana, &#8220;lo faccio per il club, soprattutto se ci stiamo giocando un titolo, ma non penso che aiuti per il mio futuro. In Francia, sul medio lungo periodo non vengo preso in considerazione nei dibattiti su chi possa essere convocato per il Mondiale. \u00c8 un peccato&#8221;.\u00a0<\/p>\n<p>\u00a0<\/p>\n<p>&#8212;<\/p>\n<p>sport<\/p>\n<p>webinfo@adnkronos.com (Web Info)<\/p>\n<div style=\"display:flex; gap:10px;justify-content:center\" class=\"wps-pgfw-pdf-generate-icon__wrapper-frontend\">\n\t\t<a  href=\"https:\/\/ciaoup.it?action=genpdf&amp;id=62976\" class=\"pgfw-single-pdf-download-button\" ><img src=\"https:\/\/ciaoup.it\/wp-content\/plugins\/pdf-generator-for-wp\/admin\/src\/images\/PDF_Tray.svg\" title=\"Generate PDF\" style=\"width:auto; height:45px;\"><\/a>\n\t\t<\/div>","protected":false},"excerpt":{"rendered":"<p>(Adnkronos) &#8211; Youssouf Fofana punge Massimiliano Allegri. Il centrocampista del Milan, con ogni probabilit\u00e0, non&hellip;<\/p>\n","protected":false},"author":3,"featured_media":62977,"comment_status":"open","ping_status":"closed","sticky":false,"template":"","format":"standard","meta":{"footnotes":""},"categories":[12],"tags":[3],"class_list":["post-62976","post","type-post","status-publish","format-standard","has-post-thumbnail","hentry","category-comunicati","tag-ultimora"],"_links":{"self":[{"href":"https:\/\/ciaoup.it\/index.php?rest_route=\/wp\/v2\/posts\/62976","targetHints":{"allow":["GET"]}}],"collection":[{"href":"https:\/\/ciaoup.it\/index.php?rest_route=\/wp\/v2\/posts"}],"about":[{"href":"https:\/\/ciaoup.it\/index.php?rest_route=\/wp\/v2\/types\/post"}],"author":[{"embeddable":true,"href":"https:\/\/ciaoup.it\/index.php?rest_route=\/wp\/v2\/users\/3"}],"replies":[{"embeddable":true,"href":"https:\/\/ciaoup.it\/index.php?rest_route=%2Fwp%2Fv2%2Fcomments&post=62976"}],"version-history":[{"count":1,"href":"https:\/\/ciaoup.it\/index.php?rest_route=\/wp\/v2\/posts\/62976\/revisions"}],"predecessor-version":[{"id":62998,"href":"https:\/\/ciaoup.it\/index.php?rest_route=\/wp\/v2\/posts\/62976\/revisions\/62998"}],"wp:featuredmedia":[{"embeddable":true,"href":"https:\/\/ciaoup.it\/index.php?rest_route=\/wp\/v2\/media\/62977"}],"wp:attachment":[{"href":"https:\/\/ciaoup.it\/index.php?rest_route=%2Fwp%2Fv2%2Fmedia&parent=62976"}],"wp:term":[{"taxonomy":"category","embeddable":true,"href":"https:\/\/ciaoup.it\/index.php?rest_route=%2Fwp%2Fv2%2Fcategories&post=62976"},{"taxonomy":"post_tag","embeddable":true,"href":"https:\/\/ciaoup.it\/index.php?rest_route=%2Fwp%2Fv2%2Ftags&post=62976"}],"curies":[{"name":"wp","href":"https:\/\/api.w.org\/{rel}","templated":true}]}}