{"id":62933,"date":"2026-03-17T11:25:47","date_gmt":"2026-03-17T11:25:47","guid":{"rendered":"https:\/\/ciaoup.it\/?p=62933"},"modified":"2026-03-17T11:25:47","modified_gmt":"2026-03-17T11:25:47","slug":"antisemitismo-vannacci-contro-proposta-scotto-liberticida-si-preoccupi-delle-strade-intitolate-allinfoibatore-tito","status":"publish","type":"post","link":"https:\/\/ciaoup.it\/?p=62933","title":{"rendered":"Antisemitismo, Vannacci contro proposta Scotto: &#8220;Liberticida, si preoccupi delle strade intitolate all&#8217;infoibatore Tito&#8221;"},"content":{"rendered":"<p> (Adnkronos) &#8211; Il generale Roberto Vannacci contro la proposta di legge del dem Arturo Scotto, che chiede di vietare l&#8217;intitolazione di strade e piazze a chi nel tempo, a partire dal fascismo, ha appoggiato politiche razziali<br \/>\ne antisemite. \u00a0<\/p>\n<p>&#8220;Scotto &#8211; dice il leader di Futuro Nazionale all&#8217;Adnkronos &#8211; ha perso la bussola, probabilmente l&#8217;ha buttata a mare insieme al telefonino quando era sulla regata Sumud &#8211; dico cos\u00ec perch\u00e9 io di Flottiglia ne conosco una sola-. Invece di pensare a restringere le libert\u00e0 altrui di titolare vie, piazze, aule e palazzetti si preoccupi dei violenti e facinorosi che animano le manifestazioni propal e pro centri sociali, si preoccupi dei suoi colleghi di sinistra che invadono le aule del parlamento per impedire le conferenze stampa regolarmente approvate e programmate e si preoccupi dei capi dei sindacato che inneggiano alla rivolta sociale e si preoccupi delle piazze e delle vie dedicate all&#8217;infoibatore Tito&#8221;.  \u00a0<\/p>\n<p>&#8220;I reati d&#8217;opinione &#8211; replica il generale &#8211; sono una aberrazione liberticida e andrebbero cancellati da qualsiasi ordinamento. Ma, con l&#8217;approccio tipico della sinistra, Scotto anela alla libert\u00e0 solo delle proprie idee e non di quelle degli altri. Le idee si combattono con le argomentazioni, caro Scotto, e non con la censura, i tribunali e le leggi degne della dittatura Orwelliana&#8221;. Scotto, conclude, &#8220;si preoccupi,a proposito di antisemitismo, dei suoi compagni di sinistra che ormai usualmente durante le manifestazioni propal bruciano la bandiera di Israele nella piazze&#8221;.\u00a0<\/p>\n<p>&#8212;<\/p>\n<p>politica<\/p>\n<p>webinfo@adnkronos.com (Web Info)<\/p>\n<div style=\"display:flex; gap:10px;justify-content:center\" class=\"wps-pgfw-pdf-generate-icon__wrapper-frontend\">\n\t\t<a  href=\"https:\/\/ciaoup.it?action=genpdf&amp;id=62933\" class=\"pgfw-single-pdf-download-button\" ><img src=\"https:\/\/ciaoup.it\/wp-content\/plugins\/pdf-generator-for-wp\/admin\/src\/images\/PDF_Tray.svg\" title=\"Generate PDF\" style=\"width:auto; height:45px;\"><\/a>\n\t\t<\/div>","protected":false},"excerpt":{"rendered":"<p>(Adnkronos) &#8211; Il generale Roberto Vannacci contro la proposta di legge del dem Arturo Scotto,&hellip;<\/p>\n","protected":false},"author":3,"featured_media":62934,"comment_status":"open","ping_status":"closed","sticky":false,"template":"","format":"standard","meta":{"footnotes":""},"categories":[12],"tags":[3],"class_list":["post-62933","post","type-post","status-publish","format-standard","has-post-thumbnail","hentry","category-comunicati","tag-ultimora"],"_links":{"self":[{"href":"https:\/\/ciaoup.it\/index.php?rest_route=\/wp\/v2\/posts\/62933","targetHints":{"allow":["GET"]}}],"collection":[{"href":"https:\/\/ciaoup.it\/index.php?rest_route=\/wp\/v2\/posts"}],"about":[{"href":"https:\/\/ciaoup.it\/index.php?rest_route=\/wp\/v2\/types\/post"}],"author":[{"embeddable":true,"href":"https:\/\/ciaoup.it\/index.php?rest_route=\/wp\/v2\/users\/3"}],"replies":[{"embeddable":true,"href":"https:\/\/ciaoup.it\/index.php?rest_route=%2Fwp%2Fv2%2Fcomments&post=62933"}],"version-history":[{"count":1,"href":"https:\/\/ciaoup.it\/index.php?rest_route=\/wp\/v2\/posts\/62933\/revisions"}],"predecessor-version":[{"id":62961,"href":"https:\/\/ciaoup.it\/index.php?rest_route=\/wp\/v2\/posts\/62933\/revisions\/62961"}],"wp:featuredmedia":[{"embeddable":true,"href":"https:\/\/ciaoup.it\/index.php?rest_route=\/wp\/v2\/media\/62934"}],"wp:attachment":[{"href":"https:\/\/ciaoup.it\/index.php?rest_route=%2Fwp%2Fv2%2Fmedia&parent=62933"}],"wp:term":[{"taxonomy":"category","embeddable":true,"href":"https:\/\/ciaoup.it\/index.php?rest_route=%2Fwp%2Fv2%2Fcategories&post=62933"},{"taxonomy":"post_tag","embeddable":true,"href":"https:\/\/ciaoup.it\/index.php?rest_route=%2Fwp%2Fv2%2Ftags&post=62933"}],"curies":[{"name":"wp","href":"https:\/\/api.w.org\/{rel}","templated":true}]}}