{"id":62920,"date":"2026-03-17T10:40:15","date_gmt":"2026-03-17T10:40:15","guid":{"rendered":"https:\/\/ciaoup.it\/?p=62920"},"modified":"2026-03-17T10:40:15","modified_gmt":"2026-03-17T10:40:15","slug":"formula-1-montezemolo-rivela-avrei-voluto-antonelli-in-ferrari","status":"publish","type":"post","link":"https:\/\/ciaoup.it\/?p=62920","title":{"rendered":"Formula 1, Montezemolo rivela: &#8220;Avrei voluto Antonelli in Ferrari&#8221;"},"content":{"rendered":"<p> (Adnkronos) &#8211;<br \/>\nAndrea Kimi Antonelli in Ferrari? Un&#8217;ipotesi che stava diventando realt\u00e0, ma che non si \u00e8 mai concretizzata. La vittoria di Antonelli al Gran Premio della Cina &#8220;mi ha emozionato, \u00e8 un ragazzo di 19 anni in continuo miglioramento. Aveva avuto problemi nelle partenze, eppure non si \u00e8 perso d\u2019animo: \u00e8 andato in testa e ha condotto senza incertezze, rischiando solo alla fine&#8221;., ha detto Luca di Montezemolo al Corriere della Sera. \u00a0<\/p>\n<p>&#8220;Ha dimostrato maturit\u00e0 e freddezza, non tipiche di un italiano, e soprattutto non di uno della sua et\u00e0. Ha i piedi per terra, spero resti sempre cos\u00ec, le premesse ci sono tutte. Per\u00f2 mi ha dato un po\u2019 &#8216;fastidio&#8217; vederlo su una Mercedes&#8221;. Lo preferiva in Ferrari? &#8220;Esatto. Ma prendere uno come Antonelli e metterlo subito in Ferrari avrebbe voluto dire distruggerlo. Massa lo parcheggiammo alla Sauber a fare esperienza&#8221;.\u00a0<\/p>\n<p>&#8220;L\u2019ho incontrato l\u2019anno scorso in Bahrain, conoscevo il pap\u00e0 di nome per vie delle attivit\u00e0 nelle corse. L\u2019ho chiamato per congratularmi. Un ragazzo carino e timido. Ha la fortuna di avere una famiglia solida, conosce i valori&#8221;, ha continuato Montezemolo, &#8220;gli suggerirei di continuare a migliorare, perch\u00e9, con tutto il rispetto, \u00e8 stato perfetto su una macchina nettamente superiore. Ne ho visti diversi di piloti che si credevano fenomeni dopo pochi Gp. Ma Kimi \u00e8 diverso e la Mercedes ha fatto un ottimo lavoro: l\u2019anno scorso ha debuttato in F1 su una monoposto non vincente, senza la pressione di adesso&#8221;.\u00a0<\/p>\n<p>&#8212;<\/p>\n<p>sport<\/p>\n<p>webinfo@adnkronos.com (Web Info)<\/p>\n<div style=\"display:flex; gap:10px;justify-content:center\" class=\"wps-pgfw-pdf-generate-icon__wrapper-frontend\">\n\t\t<a  href=\"https:\/\/ciaoup.it?action=genpdf&amp;id=62920\" class=\"pgfw-single-pdf-download-button\" ><img src=\"https:\/\/ciaoup.it\/wp-content\/plugins\/pdf-generator-for-wp\/admin\/src\/images\/PDF_Tray.svg\" title=\"Generate PDF\" style=\"width:auto; height:45px;\"><\/a>\n\t\t<\/div>","protected":false},"excerpt":{"rendered":"<p>(Adnkronos) &#8211; Andrea Kimi Antonelli in Ferrari? Un&#8217;ipotesi che stava diventando realt\u00e0, ma che non&hellip;<\/p>\n","protected":false},"author":3,"featured_media":62921,"comment_status":"open","ping_status":"closed","sticky":false,"template":"","format":"standard","meta":{"footnotes":""},"categories":[12],"tags":[3],"class_list":["post-62920","post","type-post","status-publish","format-standard","has-post-thumbnail","hentry","category-comunicati","tag-ultimora"],"_links":{"self":[{"href":"https:\/\/ciaoup.it\/index.php?rest_route=\/wp\/v2\/posts\/62920","targetHints":{"allow":["GET"]}}],"collection":[{"href":"https:\/\/ciaoup.it\/index.php?rest_route=\/wp\/v2\/posts"}],"about":[{"href":"https:\/\/ciaoup.it\/index.php?rest_route=\/wp\/v2\/types\/post"}],"author":[{"embeddable":true,"href":"https:\/\/ciaoup.it\/index.php?rest_route=\/wp\/v2\/users\/3"}],"replies":[{"embeddable":true,"href":"https:\/\/ciaoup.it\/index.php?rest_route=%2Fwp%2Fv2%2Fcomments&post=62920"}],"version-history":[{"count":1,"href":"https:\/\/ciaoup.it\/index.php?rest_route=\/wp\/v2\/posts\/62920\/revisions"}],"predecessor-version":[{"id":62944,"href":"https:\/\/ciaoup.it\/index.php?rest_route=\/wp\/v2\/posts\/62920\/revisions\/62944"}],"wp:featuredmedia":[{"embeddable":true,"href":"https:\/\/ciaoup.it\/index.php?rest_route=\/wp\/v2\/media\/62921"}],"wp:attachment":[{"href":"https:\/\/ciaoup.it\/index.php?rest_route=%2Fwp%2Fv2%2Fmedia&parent=62920"}],"wp:term":[{"taxonomy":"category","embeddable":true,"href":"https:\/\/ciaoup.it\/index.php?rest_route=%2Fwp%2Fv2%2Fcategories&post=62920"},{"taxonomy":"post_tag","embeddable":true,"href":"https:\/\/ciaoup.it\/index.php?rest_route=%2Fwp%2Fv2%2Ftags&post=62920"}],"curies":[{"name":"wp","href":"https:\/\/api.w.org\/{rel}","templated":true}]}}