{"id":62909,"date":"2026-03-17T10:00:36","date_gmt":"2026-03-17T10:00:36","guid":{"rendered":"https:\/\/ciaoup.it\/?p=62909"},"modified":"2026-03-17T10:00:36","modified_gmt":"2026-03-17T10:00:36","slug":"unita-ditalia-mattarella-indipendenza-sovranita-e-giustizia-valori-fondanti","status":"publish","type":"post","link":"https:\/\/ciaoup.it\/?p=62909","title":{"rendered":"Unit\u00e0 d&#8217;Italia, Mattarella: &#8220;Indipendenza, sovranit\u00e0 e giustizia valori fondanti&#8221;"},"content":{"rendered":"<p> (Adnkronos) &#8211;<br \/>\nIl 17 marzo celebra la nascita dell\u2019Italia come Stato unitario e sovrano: un traguardo raggiunto grazie agli ideali e all\u2019impegno civile del Risorgimento, poi riaffermati nella lotta di Liberazione che ha restituito al Paese libert\u00e0 e unit\u00e0 dopo l\u2019occupazione nazifascista, ponendo le basi dell\u2019Italia contemporanea. Lo sottolinea il Presidente della Repubblica, Sergio Mattarella, ricordando in una nota come la \u201cGiornata dell\u2019Unit\u00e0 Nazionale, della Costituzione, dell\u2019Inno e della Bandiera richiama i valori fondanti della Repubblica: indipendenza, sovranit\u00e0 popolare, libert\u00e0, giustizia e pace&#8221;.\u00a0<\/p>\n<p> Principi &#8220;maturati  lungo un percorso storico complesso e non privo di afflizioni, che trova la sua pi\u00f9 alta e compiuta espressione nella Costituzione, autentico presidio dei diritti e delle responsabilit\u00e0 che definiscono la nostra comunit\u00e0 nazionale. L\u2019unit\u00e0 non costituisce soltanto un assetto politico-istituzionale, bens\u00ec \u00e8 un ideale profondo e condiviso, che attraversa e interpreta l\u2019intera vicenda storica del nostro Paese&#8221;. \u00a0<\/p>\n<p>L\u2019unit\u00e0, osserva il Capo dello Stato, non \u00e8 solo un assetto politico, ma un ideale condiviso che attraversa la storia del Paese. &#8220;I simboli come Costituzione, Inno e Tricolore rappresentano una comunit\u00e0 fondata su partecipazione, solidariet\u00e0 e rispetto delle istituzioni democratiche e di ogni persona. \u00c8 questo patrimonio di valori che la ricorrenza del 17 marzo invita a rinnovare e a trasmettere, in particolare alle giovani generazioni, in un dialogo costante e aperto. A loro, chiamate ad affrontare trasformazioni profonde e sfide globali di inedita complessit\u00e0, le istituzioni sono tenute a offrire orientamento, fiducia e responsabilit\u00e0, affinch\u00e9 possano contribuire con piena consapevolezza alla costruzione del futuro del Paese&#8221;. \u00a0<\/p>\n<p>In un contesto internazionale segnato da tensioni e conflitti, Mattarella ribadisce l\u2019importanza dei principi della Repubblica e della Carta delle Nazioni Unite come punti di riferimento. Il 17 marzo rimarca il Capo dello Stato, &#8220;\u00e8 Giornata che rinnova l\u2019appello all\u2019impegno civile. Invito a custodire e attuare, con coerenza e lungimiranza, i principi di libert\u00e0, giustizia e pace su cui si fonda la Repubblica, affinch\u00e9 essi continuino a guidare l\u2019azione delle istituzioni e della societ\u00e0 nel perseguimento di una convivenza pacifica, solidale e autenticamente democratica, in Italia e nella comunit\u00e0 internazionale&#8221;.\u00a0<\/p>\n<p>\u00a0<\/p>\n<p>&#8220;Nel giorno in cui celebriamo i 165 anni dell\u2019Unit\u00e0 d\u2019Italia, il nostro grazie va a tutti coloro che, ogni giorno, con il proprio lavoro, il proprio impegno e il proprio amore per questa terra contribuiscono a rendere l\u2019Italia una Nazione unita, forte e orgogliosa della propria storia e della propria identit\u00e0&#8221;, scrive, in un post sui social, la presidente del Consiglio Giorgia Meloni.\u00a0<\/p>\n<p>\u00a0<\/p>\n<p>&#8212;<\/p>\n<p>politica<\/p>\n<p>webinfo@adnkronos.com (Web Info)<\/p>\n<div style=\"display:flex; gap:10px;justify-content:center\" class=\"wps-pgfw-pdf-generate-icon__wrapper-frontend\">\n\t\t<a  href=\"https:\/\/ciaoup.it?action=genpdf&amp;id=62909\" class=\"pgfw-single-pdf-download-button\" ><img src=\"https:\/\/ciaoup.it\/wp-content\/plugins\/pdf-generator-for-wp\/admin\/src\/images\/PDF_Tray.svg\" title=\"Generate PDF\" style=\"width:auto; height:45px;\"><\/a>\n\t\t<\/div>","protected":false},"excerpt":{"rendered":"<p>(Adnkronos) &#8211; Il 17 marzo celebra la nascita dell\u2019Italia come Stato unitario e sovrano: un&hellip;<\/p>\n","protected":false},"author":3,"featured_media":62910,"comment_status":"open","ping_status":"closed","sticky":false,"template":"","format":"standard","meta":{"footnotes":""},"categories":[12],"tags":[3],"class_list":["post-62909","post","type-post","status-publish","format-standard","has-post-thumbnail","hentry","category-comunicati","tag-ultimora"],"_links":{"self":[{"href":"https:\/\/ciaoup.it\/index.php?rest_route=\/wp\/v2\/posts\/62909","targetHints":{"allow":["GET"]}}],"collection":[{"href":"https:\/\/ciaoup.it\/index.php?rest_route=\/wp\/v2\/posts"}],"about":[{"href":"https:\/\/ciaoup.it\/index.php?rest_route=\/wp\/v2\/types\/post"}],"author":[{"embeddable":true,"href":"https:\/\/ciaoup.it\/index.php?rest_route=\/wp\/v2\/users\/3"}],"replies":[{"embeddable":true,"href":"https:\/\/ciaoup.it\/index.php?rest_route=%2Fwp%2Fv2%2Fcomments&post=62909"}],"version-history":[{"count":1,"href":"https:\/\/ciaoup.it\/index.php?rest_route=\/wp\/v2\/posts\/62909\/revisions"}],"predecessor-version":[{"id":62926,"href":"https:\/\/ciaoup.it\/index.php?rest_route=\/wp\/v2\/posts\/62909\/revisions\/62926"}],"wp:featuredmedia":[{"embeddable":true,"href":"https:\/\/ciaoup.it\/index.php?rest_route=\/wp\/v2\/media\/62910"}],"wp:attachment":[{"href":"https:\/\/ciaoup.it\/index.php?rest_route=%2Fwp%2Fv2%2Fmedia&parent=62909"}],"wp:term":[{"taxonomy":"category","embeddable":true,"href":"https:\/\/ciaoup.it\/index.php?rest_route=%2Fwp%2Fv2%2Fcategories&post=62909"},{"taxonomy":"post_tag","embeddable":true,"href":"https:\/\/ciaoup.it\/index.php?rest_route=%2Fwp%2Fv2%2Ftags&post=62909"}],"curies":[{"name":"wp","href":"https:\/\/api.w.org\/{rel}","templated":true}]}}