{"id":62838,"date":"2026-03-17T00:00:44","date_gmt":"2026-03-17T00:00:44","guid":{"rendered":"https:\/\/ciaoup.it\/?p=62838"},"modified":"2026-03-17T00:00:44","modified_gmt":"2026-03-17T00:00:44","slug":"ondata-di-maltempo-al-sud-tre-regioni-in-allerta-arancione-scuole-chiuse-a-catania","status":"publish","type":"post","link":"https:\/\/ciaoup.it\/?p=62838","title":{"rendered":"Ondata di maltempo al Sud, tre regioni in allerta arancione. Scuole chiuse a Catania"},"content":{"rendered":"<p> (Adnkronos) &#8211; Non si ferma la forte ondata di maltempo che in queste ore si \u00e8 abbattuta sul Sud Italia. Per questo, nella giornata di oggi marted\u00ec 17 marzo, \u00e8 stata valutata l&#8217;allerta meteo arancione in tre regioni colpite da piogge, temporali e venti di burrasca. In considerazione del bollettino e delle possibili criticit\u00e0, le scuole resteranno chiuse a Catania.\u00a0<\/p>\n<p>\u00a0<\/p>\n<p>\u00a0<\/p>\n<p>Come spiega la Protezione civile, il minimo depressionario che si \u00e8 posizionato a sud della Sicilia, nel suo lento transito verso est, determina la persistenza di condizioni meteorologiche instabili sulle zone pi\u00f9 meridionali del nostro Paese, con precipitazioni diffuse e persistenti, anche a carattere temporalesco, specie sul versante ionico. Sulla base delle previsioni disponibili, il Dipartimento &#8211; d\u2019intesa con le regioni coinvolte, alle quali spetta l\u2019attivazione dei sistemi di protezione civile nei territori interessati -, ha emesso un nuovo avviso di condizioni meteorologiche avverse che estende quello emesso in precedenza. I fenomeni meteo, impattando sulle diverse aree del Paese, potrebbero quindi determinare delle criticit\u00e0 idrogeologiche e idrauliche che sono riportate, in una sintesi nazionale, nel bollettino nazionale di criticit\u00e0 e di allerta consultabile sul sito del Dipartimento (www.protezionecivile.gov.it).\u00a0<\/p>\n<p>L\u2019avviso prevede dalle prime ore di oggi, marted\u00ec 17 marzo, il persistere delle precipitazioni da sparse a diffuse, anche a carattere di rovescio o temporale, sulla Calabria, specie settori meridionali e ionici, in estensione alla Basilicata. Dalla tarda mattinata si prevedono anche precipitazioni da sparse a diffuse, anche a carattere di rovescio o temporale, sulla Sicilia, specie settori orientali. I fenomeni saranno accompagnati da rovesci di forte intensit\u00e0, forti raffiche di vento, locali grandinate ed attivit\u00e0 elettrica. Dalle prime ore di oggi, inoltre, attesi venti forti o di burrasca dai quadranti orientali sulla Sicilia, specie settori ionici e sulla Calabria, specie settori meridionali. \u00a0<\/p>\n<p>\u00a0<\/p>\n<p>Sulla base dei fenomeni previsti e in atto \u00e8 stata quindi valutata per la giornata di oggi, allerta arancione su gran parte della Basilicata, sui settori ionici della Calabria e sul settore nord-orientale della Sicilia. Valutata, inoltre, allerta gialla in Abruzzo, Molise, Puglia, su alcuni settori della Sicilia e sui restanti territori di Basilicata e Calabria.\u00a0<\/p>\n<p>Il quadro meteorologico e delle criticit\u00e0 previste sull\u2019Italia \u00e8 aggiornato quotidianamente in base alle nuove previsioni e all\u2019evolversi dei fenomeni, ed \u00e8 disponibile sul sito del Dipartimento della Protezione Civile (www.protezionecivile.gov.it), insieme alle norme generali di comportamento da tenere in caso di maltempo. Le informazioni sui livelli di allerta regionali, sulle criticit\u00e0 specifiche che potrebbero riguardare i singoli territori e sulle azioni di prevenzione adottate sono gestite dalle strutture territoriali di protezione civile, in contatto con le quali il Dipartimento seguir\u00e0 l\u2019evolversi della situazione.\u00a0<\/p>\n<p>Scuole chiuse oggi a Catania. A deciderlo \u00e8 stato il sindaco Enrico Trantino, in considerazione del bollettino diramato nel pomeriggio di ieri dalla Protezione civile regionale . Rimarranno inoltre chiusi anche tutti i parchi della citt\u00e0 e il giardino Bellini.\u00a0<\/p>\n<p>\u00a0<\/p>\n<p>&#8212;<\/p>\n<p>cronaca<\/p>\n<p>webinfo@adnkronos.com (Web Info)<\/p>\n<div style=\"display:flex; gap:10px;justify-content:center\" class=\"wps-pgfw-pdf-generate-icon__wrapper-frontend\">\n\t\t<a  href=\"https:\/\/ciaoup.it?action=genpdf&amp;id=62838\" class=\"pgfw-single-pdf-download-button\" ><img src=\"https:\/\/ciaoup.it\/wp-content\/plugins\/pdf-generator-for-wp\/admin\/src\/images\/PDF_Tray.svg\" title=\"Generate PDF\" style=\"width:auto; height:45px;\"><\/a>\n\t\t<\/div>","protected":false},"excerpt":{"rendered":"<p>(Adnkronos) &#8211; Non si ferma la forte ondata di maltempo che in queste ore si&hellip;<\/p>\n","protected":false},"author":3,"featured_media":62839,"comment_status":"open","ping_status":"closed","sticky":false,"template":"","format":"standard","meta":{"footnotes":""},"categories":[12],"tags":[3],"class_list":["post-62838","post","type-post","status-publish","format-standard","has-post-thumbnail","hentry","category-comunicati","tag-ultimora"],"_links":{"self":[{"href":"https:\/\/ciaoup.it\/index.php?rest_route=\/wp\/v2\/posts\/62838","targetHints":{"allow":["GET"]}}],"collection":[{"href":"https:\/\/ciaoup.it\/index.php?rest_route=\/wp\/v2\/posts"}],"about":[{"href":"https:\/\/ciaoup.it\/index.php?rest_route=\/wp\/v2\/types\/post"}],"author":[{"embeddable":true,"href":"https:\/\/ciaoup.it\/index.php?rest_route=\/wp\/v2\/users\/3"}],"replies":[{"embeddable":true,"href":"https:\/\/ciaoup.it\/index.php?rest_route=%2Fwp%2Fv2%2Fcomments&post=62838"}],"version-history":[{"count":1,"href":"https:\/\/ciaoup.it\/index.php?rest_route=\/wp\/v2\/posts\/62838\/revisions"}],"predecessor-version":[{"id":62841,"href":"https:\/\/ciaoup.it\/index.php?rest_route=\/wp\/v2\/posts\/62838\/revisions\/62841"}],"wp:featuredmedia":[{"embeddable":true,"href":"https:\/\/ciaoup.it\/index.php?rest_route=\/wp\/v2\/media\/62839"}],"wp:attachment":[{"href":"https:\/\/ciaoup.it\/index.php?rest_route=%2Fwp%2Fv2%2Fmedia&parent=62838"}],"wp:term":[{"taxonomy":"category","embeddable":true,"href":"https:\/\/ciaoup.it\/index.php?rest_route=%2Fwp%2Fv2%2Fcategories&post=62838"},{"taxonomy":"post_tag","embeddable":true,"href":"https:\/\/ciaoup.it\/index.php?rest_route=%2Fwp%2Fv2%2Ftags&post=62838"}],"curies":[{"name":"wp","href":"https:\/\/api.w.org\/{rel}","templated":true}]}}