{"id":62795,"date":"2026-03-16T19:13:37","date_gmt":"2026-03-16T19:13:37","guid":{"rendered":"https:\/\/ciaoup.it\/?p=62795"},"modified":"2026-03-16T19:13:37","modified_gmt":"2026-03-16T19:13:37","slug":"sagre-ed-eventi-di-qualita-assegnati-in-senato-nuovi-riconoscimenti","status":"publish","type":"post","link":"https:\/\/ciaoup.it\/?p=62795","title":{"rendered":"Sagre ed eventi di qualit\u00e0, assegnati in Senato nuovi riconoscimenti\ufeff"},"content":{"rendered":"<p> (Adnkronos) &#8211; Pi\u00f9 di mille &#8211; tra volontari, presidenti di Pro Loco e sindaci &#8211; hanno partecipato all\u2019evento organizzato domenica 15 marzo all\u2019Ergife Palace Hotel di Roma che ha aperto la due giorni di manifestazioni dedicati alla consegna dei marchi &#8216;Sagra di Qualit\u00e0&#8217; ed &#8216;Evento di Qualit\u00e0&#8217;, che si \u00e8 conclusa con la cerimonia istituzionale in Senato nella giornata odierna. I presidenti delle Pro Loco insignite del riconoscimento accompagnati dai sindaci nella prestigiosa Sala Koch hanno ricevuto le targhe, assegnate da Unpli (Unione Nazionale delle Pro Loco d\u2019Italia), &#8216;Sagra di Qualit\u00e0&#8217; ed &#8216;Evento di Qualit\u00e0&#8217;. Due giornate importanti che hanno celebrato il lavoro costante delle Pro Loco nella tutela delle tradizioni, nella promozione delle identit\u00e0 locali e nella valorizzazione del patrimonio culturale, materiale e immateriale, dei territori. Le sagre e gli eventi di qualit\u00e0 rappresentano manifestazioni capaci di raccontare la storia dei luoghi, custodire tradizioni, promuovere prodotti tipici e rafforzare il legame tra comunit\u00e0, cultura e sviluppo locale. \u00a0<\/p>\n<p>L\u2019evento \u00e8 stato anche l\u2019occasione per sottolineare il grande lavoro che Unpli sta facendo da anni per la comunicazione \u2013 realizzando format televisivi ad hoc come Sagre d\u2019Italia (Food Network), Linea Verde Tradizioni (Rai 1), Azzurro Storie di mare (Rai 1) che hanno totalizzato pi\u00f9 di 25 milioni di spettatori, oltre alle pubblicazioni realizzate: dalla Guida alle Sagre di Qualit\u00e0 ed Eventi di Qualit\u00e0 al il libro di Beppe Convertini, &#8216;Il paese delle tradizioni&#8217;. \u00a0<\/p>\n<p>Presenti all\u2019evento condotto da Beppe Convertini, Antonino La Spina, presidente di Unpli, il senatore questore Antonio De Poli, Giusina Battaglia, giornalista e volto di Food Network, Sandro Pappalardo, presidente di Ita Airways che hanno sottolineato il valore del lavoro delle Pro Loco nella promozione turistica, soprattutto dei piccoli centri, che grazie alle sagre e agli eventi organizzati durante tutto l\u2019anno contribuiscono alla destagionalizzazione dei flussi turistici. \u00a0<\/p>\n<p>\u00a0<\/p>\n<p>L\u2019occasione \u00e8 stata anche sottolineata dalla consegna da parte del Rina, tra i principali organismi di certificazione a livello internazionale &#8211; della certificazione Iso 9001 per il processo di organizzazione degli eventi, a testimonianza dell\u2019adozione di procedure strutturate e orientate al miglioramento continuo. \u00a0<\/p>\n<p>\u201cI volontari delle Pro Loco sono gli ambasciatori dei territori ed \u00e8 dovere di tutti, oggi, lavorare per riconoscere l\u2019importanza di questo straordinario mondo, anche dal punto di vista legislativo. Il disegno di legge, da me presentato e sottoscritto da tutti i gruppi parlamentari, ha l\u2019obiettivo di valorizzare le Pro Loco e il grande impegno dei 600.000 volontari attraverso una forte sburocratizzazione delle procedure per l&#8217;organizzazione delle manifestazioni nei territori. Abbiamo ricevuto i pareri positivi da parte dei Ministeri competenti sul ddl, quindi nei prossimi mesi ci auguriamo si possa avviare l\u2019iter in Commissione ed in Aula per l\u2019approvazione entro la fine dell\u2019anno&#8221;, ha commentato il senatore Antonio De Poli.\u00a0<\/p>\n<p>\u201cLe Sagre di Qualit\u00e0 e gli Eventi di Qualit\u00e0 rappresentano l\u2019anima pi\u00f9 vera dei nostri territori. Attraverso questi riconoscimenti, Unpli vuole valorizzare l\u2019impegno straordinario delle Pro Loco e dei loro volontari, offrendo al tempo stesso a cittadini e visitatori un riferimento chiaro per individuare manifestazioni autentiche, radicate nella comunit\u00e0 e strettamente connesse al territorio &#8211; ha dichiarato Antonino La Spina, presidente di Unpli &#8211; Ogni anno le Pro Loco, grazie all\u2019instancabile lavoro dei tanti volontari coinvolti, realizzano oltre 110 mila eventi, di questi 20 mila sono sagre. Questo processo conferma l\u2019impegno di Unpli nel migliorare il livello di efficienza e sicurezza delle manifestazioni organizzate, nell\u2019ottica di un miglioramento costante della qualit\u00e0\u201d.\u00a0<\/p>\n<p>\u00a0<\/p>\n<p>I marchi \u201cSagra di Qualit\u00e0\u201d ed \u201cEvento di Qualit\u00e0\u201d promosso dall\u2019Unpli, premiano le sagre e gli eventi che rappresentano in modo autentico l\u2019identit\u00e0 dei territori italiani. Non si tratta solo di appuntamenti gastronomici, ma di manifestazioni che custodiscono tradizioni, memoria collettiva e contribuiscono alla vitalit\u00e0 economica e sociale delle comunit\u00e0 locali. I riconoscimenti, simbolo di autenticit\u00e0, affidabilit\u00e0 e qualit\u00e0, vengono assegnati secondo criteri rigorosi e controlli sul campo, valorizzando sagre e manifestazioni legate a prodotti tipici, ricette locali, ma anche riti e tradizioni con un forte radicamento con il territorio. \u00a0<\/p>\n<p>Le Sagre di Qualit\u00e0 2025 premiate in Abruzzo sono la della Pro Loco di Villa San Nicola, in provincia di Chieti, e la \u201cSagra delle Pappardelle al Sugo di Papera\u201d della Pro Loco di Montegualtieri, in provincia di Teramo. In Campania si distinguono la \u201cFesta dello Struppolo\u201d della Pro Loco di San Salvatore Telesino, in provincia di Benevento, la \u201cSagra degli Gnocchi\u201d della Pro Loco di Rocca d\u2019Evandro, in provincia di Caserta, la \u201cSagra delle Pallottole\u201d della Pro Loco di Real Sito &#8211; San Leucio, in provincia di Caserta, la \u201cSagra delle Noci e del Vino Asprinio\u201d della Pro Loco di San Marcellino Aps, in provincia di Caserta, \u201cL\u2019Inno al Novello\u201d della Pro Loco Insieme per Mignano, in provincia di Caserta, la \u201cSagra degli Gnocchi Cimitilesi\u201d della Pro Loco di Cimitile, in provincia di Napoli e i \u201cSentieri del Gusto\u201d della Pro Loco di Pimonte, in provincia di Napoli. \u00a0<\/p>\n<p>In Emilia-Romagna i riconoscimenti vanno ad \u201cA zz\u00f9en al m\u00e0ial&#8230; in Pi\u00e0za!\u201d della Pro Loco di Tresigallo APS, in provincia di Ferrara, alla \u201cFesta del Salame\u201d di Sarmato, in provincia di Piacenza, alla \u201cFera dal Busslanein\u201d della Pro Loco Amis ad San Niculo\u2019, in provincia di Piacenza, alla \u201cSagra dello Scalogno Piacentino\u201d della Pro Loco di Castelvetro Piacentino, in provincia di Piacenza, alla \u201cRassegna del Tartufo Nero di Pecorara\u201d, della Pro Loco Pecorara, in provincia di Piacenza, alla \u201cFesta de\u2019 Brazad\u00e8l da la cros e vino novello\u201d della Pro Loco di Castel Bolognese, in provincia di Ravenna, e alla \u201cFesta dell\u2019Uva\u201d della Pro Loco di Castellarano, in provincia di Reggio Emilia. \u00a0<\/p>\n<p>\u00a0<\/p>\n<p>In Friuli Venezia Giulia spiccano la \u201cFesta dei Funghi e dell\u2019Ambiente\u201d della Pro Loco Budoia, in provincia di Pordenone e \u201cGemona, formaggio&#8230; e dintorni\u201d della Pro Loco Glemona, in provincia di Udine. Nel Lazio \u00e8 stata premiata la \u201cSagra del Pesce\u201d della Pro Loco Anguillara, in provincia di Roma. In Lombardia il marchio \u00e8 stato assegnato alla \u201cSagra del Purs\u00e8l\u201d della Pro Loco di Fiesse, in provincia di Brescia, alla \u201cSagra delle Migole\u201d della Pro Loco di Malonnese, in provincia di Brescia, e alla \u201cFesta dei Crotti\u201d della Pro Loco di Albavilla, in provincia di Como. Nelle Marche \u00e8 stata riconosciuta \u201cLeguminaria\u201d della Pro Loco Appignano, in provincia di Macerata. \u00a0<\/p>\n<p>In Piemonte sono state insignite \u201cAnl\u00f2t id San Bastiaun\u201d della Pro Loco Pozzolese, in provincia di Alessandria, la \u201cSagra delle Tagliatelle\u201d della Pro Loco di Cremolino, in provincia di Alessandria, la \u201cSagra del Polentone di Bubbio\u201d, in provincia di Asti, la \u201cSagra dell\u2019Asparago di Santena\u201d, della Pro Loco di Santena Aps, in provincia di Torino, la \u201cFiera Nazionale della Trippa di Moncalieri\u201d, della Pro Loco di Moncalieri, in provincia di Torino e la \u201cSagra del Fungo\u201d della Pro Loco Trontano, in provincia di Verbano \u2013 Cusio &#8211; Ossola. \u00a0<\/p>\n<p>In Puglia \u00e8 premiata \u201cCardoncello on the Road\u201d della Pro Loco Ruvo di Puglia, in provincia di Bari. In Sardegna figurano la \u201cSagra del Tonno\u201d della Pro Loco Portoscuso, in provincia di Carbonia &#8211; Iglesias e \u201cOllastra in Mirto\u201d della Pro Loco Ollastra, in provincia di Oristano. In Sicilia sono state riconosciute la \u201cSagra del Carciofo Violetto di Niscemi\u201d, della Pro Loco di Niscemi, in provincia di Caltanissetta, la \u201cSagra del Pistacchio di Bronte\u201d, della Pro Loco di Bronte, in provincia di Catania, la \u201cSagra della Ricotta e della Provola dei Nebrodi\u201d della Pro Loco di Maniace, la \u201cSagra del Ficodindia\u201d della Pro Loco di San Cono, la \u201cSagra del Ficodindia dell\u2019Etna Dop\u201d della Pro Loco di Belpasso, in provincia di Catania e la \u201cSagra dell\u2019Arancia Rossa di Francofonte\u201d, della Pro Loco di Idria Francofonte, in provincia di Siracusa. In Veneto completano il quadro la \u201cMostra del Vino di Vallonto\u201d, della Pro Loco di Vallonto di Fontanelle Aps, in provincia di Treviso, lo \u201cSpiedo Gigante\u201d, della Pro Loco di Pieve di Soligo, in provincia di Treviso, la \u201cFesta della Zucca\u201d della Pro Loco di Sernaglia della Battaglia, in provincia di Treviso, la \u201cFesta dei Bisi De.Co.\u201d della Pro Loco di Scorz\u00e8, in provincia di Verona, la \u201cFesta della Maresina\u201d della Pro Loco di Provaldagno Aps, in provincia di Vicenza e la \u201cSagra dei Santi Fermo e Rustico\u201d della Pro Loco Bolzano Vicentino Aps, in provincia di Vicenza.\u00a0<\/p>\n<p>\u00a0<\/p>\n<p>Tra gli Eventi di Qualit\u00e0 premiati da Unpli nel 2025 in Abruzzo \u00e8 stato riconosciuto \u201cSapori e Saperi del Velino\u201d della Pro Loco Rosciolo, in provincia dell\u2019Aquila. In Basilicata il marchio va al \u201cPremio La Perla\u201d della Pro Loco Maratea La Perla A.P.S., in provincia di Potenza. In Campania \u201cTra i Vicoli di Cautano\u201d della Pro Loco Cepino Prata, \u201cBorgo Vagare \u2013 Festival dei Sapori Antichi e delle Tipicit\u00e0 dei Territori\u201d della Pro Loco San Lupo, in provincia di Benevento e \u201cCasavecchia e Pallagrello Wine Festival\u201d della Pro Loco Pontelatone, in provincia di Caserta. In Emilia-Romagna viene riconosciuto \u201cCalici Santarcangelo\u201d della Pro Loco di Santarcangelo di Romagna, in provincia di Rimini. \u00a0<\/p>\n<p>Nel Lazio figura \u201cLe Tentavecchie\u201d della Pro Loco Gradoli, in provincia di Viterbo. In Lombardia trovano spazio \u201cFesta della Transumanza\u201d dell\u2019Associazione Pro Loco Borno, \u201cGiardini d\u2019agrumi\u201d della Pro Loco Gargnano in provincia di Brescia e \u201cLa Camminata della Salute\u201d della Pro Loco di Guidizzolo di Mantova. Nelle Marche sono premiati la \u201cFesta dell\u2019uva di Arcevia\u201d della Pro Loco di Arcevia in provincia di Ancona, \u201cTemplaria Festival\u201d della Pro Loco di Castignano, in provincia di Ascoli Piceno e \u201cCandele a Candelara\u201d in provincia di Pesaro Urbino. In Piemonte il riconoscimento va a \u201cIl borgo di Babbo Natale\u201d dell\u2019Associazione Turistica Pro Loco di Candelo, in provincia di Biella. In Sardegna \u00e8 premiata \u201cSa Battalla\u201d della Pro Loco Sanluri nella provincia del Medio Campidano. In Sicilia viene valorizzato \u201cIl Presepe Vivente di Sutera\u201d, in provincia di Caltanissetta. In Toscana \u201cLa Notte del Conte Baldovino\u201d della Pro Loco Monte San Savino, in provincia di Arezzo. \u00a0<\/p>\n<p>In Trentino \u201cFaedo Paese del Presepe\u201d della Pro Loco Faedo Aps, in provincia di Trento e in Veneto vengono insigniti \u201cLa Rocca in Fiore\u201d della Pro Loco di Monselice, in provincia di Padova, \u201cL\u2019Antica Sagra del Santo Sepolcro\u201d della Pro Loco Villanova di Camposampiero, in provincia di Padova e \u201cLa Festa delle Rose di Carta\u201d dell\u2019Associazione Pro Loco Monticello Conte Otto Aps, in provincia di Vicenza. Per le menzioni speciali in Campania sono stati premiati per gli Eventi di Qualit\u00e0 \u201cIl Sannio tra sapori e Folklore\u201d dell\u2019Unpli provinciale di Benevento e \u201cL\u2019identit\u00e0 di un territorio raccontata dalle Pro Loco&#8230; Colori, Sapori, Suoni e Tradizioni\u201d dell\u2019Unpli provinciale di Caserta mentre per le Sagre di Qualit\u00e0 la menzione speciale \u00e8 assegnata alla \u201cFesta delle Pro Loco nei Sibillini\u201d della Pro Loco di Comunanza e dell\u2019Unpli provinciale Ascoli Piceno e Fermo.\u00a0<\/p>\n<p>&#8212;<\/p>\n<p>cronaca<\/p>\n<p>webinfo@adnkronos.com (Web Info)<\/p>\n<div style=\"display:flex; gap:10px;justify-content:center\" class=\"wps-pgfw-pdf-generate-icon__wrapper-frontend\">\n\t\t<a  href=\"https:\/\/ciaoup.it?action=genpdf&amp;id=62795\" class=\"pgfw-single-pdf-download-button\" ><img src=\"https:\/\/ciaoup.it\/wp-content\/plugins\/pdf-generator-for-wp\/admin\/src\/images\/PDF_Tray.svg\" title=\"Generate PDF\" style=\"width:auto; height:45px;\"><\/a>\n\t\t<\/div>","protected":false},"excerpt":{"rendered":"<p>(Adnkronos) &#8211; Pi\u00f9 di mille &#8211; tra volontari, presidenti di Pro Loco e sindaci &#8211;&hellip;<\/p>\n","protected":false},"author":3,"featured_media":62796,"comment_status":"open","ping_status":"closed","sticky":false,"template":"","format":"standard","meta":{"footnotes":""},"categories":[12],"tags":[3],"class_list":["post-62795","post","type-post","status-publish","format-standard","has-post-thumbnail","hentry","category-comunicati","tag-ultimora"],"_links":{"self":[{"href":"https:\/\/ciaoup.it\/index.php?rest_route=\/wp\/v2\/posts\/62795","targetHints":{"allow":["GET"]}}],"collection":[{"href":"https:\/\/ciaoup.it\/index.php?rest_route=\/wp\/v2\/posts"}],"about":[{"href":"https:\/\/ciaoup.it\/index.php?rest_route=\/wp\/v2\/types\/post"}],"author":[{"embeddable":true,"href":"https:\/\/ciaoup.it\/index.php?rest_route=\/wp\/v2\/users\/3"}],"replies":[{"embeddable":true,"href":"https:\/\/ciaoup.it\/index.php?rest_route=%2Fwp%2Fv2%2Fcomments&post=62795"}],"version-history":[{"count":1,"href":"https:\/\/ciaoup.it\/index.php?rest_route=\/wp\/v2\/posts\/62795\/revisions"}],"predecessor-version":[{"id":62803,"href":"https:\/\/ciaoup.it\/index.php?rest_route=\/wp\/v2\/posts\/62795\/revisions\/62803"}],"wp:featuredmedia":[{"embeddable":true,"href":"https:\/\/ciaoup.it\/index.php?rest_route=\/wp\/v2\/media\/62796"}],"wp:attachment":[{"href":"https:\/\/ciaoup.it\/index.php?rest_route=%2Fwp%2Fv2%2Fmedia&parent=62795"}],"wp:term":[{"taxonomy":"category","embeddable":true,"href":"https:\/\/ciaoup.it\/index.php?rest_route=%2Fwp%2Fv2%2Fcategories&post=62795"},{"taxonomy":"post_tag","embeddable":true,"href":"https:\/\/ciaoup.it\/index.php?rest_route=%2Fwp%2Fv2%2Ftags&post=62795"}],"curies":[{"name":"wp","href":"https:\/\/api.w.org\/{rel}","templated":true}]}}