{"id":62748,"date":"2026-03-16T16:37:31","date_gmt":"2026-03-16T16:37:31","guid":{"rendered":"https:\/\/ciaoup.it\/?p=62748"},"modified":"2026-03-16T16:37:31","modified_gmt":"2026-03-16T16:37:31","slug":"motogp-la-guerra-in-medio-oriente-cambia-il-calendario-le-nuove-date-del-motomondiale","status":"publish","type":"post","link":"https:\/\/ciaoup.it\/?p=62748","title":{"rendered":"MotoGp, la guerra in Medio Oriente cambia il calendario: le nuove date del Motomondiale"},"content":{"rendered":"<p> (Adnkronos) &#8211; Importanti novit\u00e0 nel calendario MotoGp 2026. Con un annuncio arrivato ieri, domenica 15 marzo, gli organizzatori hanno ufficializzato lo spostamento del Gp del Qatar, inizialmente previsto nel mese di aprile. La gara sul circuito di Lusail International Circuit \u00e8 stata posticipata: si disputer\u00e0 ora l\u20198 novembre 2026.\u00a0<\/p>\n<p>La modifica arriva a causa della guerra in Medio Oriente e dopo la cancellazione dei Gran Premi di Bahrain e Arabia Saudita in Formula 1, decisione che ha reso necessario rivedere la seconda parte della stagione. Per mantenere una distribuzione pi\u00f9 equilibrata degli appuntamenti iridati, il round in Qatar \u00e8 stato cos\u00ec riposizionato nel finale di campionato. Lo spostamento ha inevitabilmente generato un effetto domino sulle ultime gare del calendario, per cui gli appuntamenti conclusivi del mondiale slitteranno di una settimana.\u00a0<\/p>\n<p>Il Gran Premio del Portogallo si correr\u00e0 ora il 22 novembre 2026. E cambier\u00e0 anche la data dell\u2019ultimo appuntamento stagionale: il Gran Premio di Valencia, tradizionale finale del mondiale in Spagna, posticipato al 29 novembre 2026.\u00a0<\/p>\n<p>Il nuovo calendario allunga dunque di una settimana la conclusione della stagione 2026, mantenendo per\u00f2 invariata la struttura del finale del Motomondiale.\u00a0<\/p>\n<p>&#8212;<\/p>\n<p>sport<\/p>\n<p>webinfo@adnkronos.com (Web Info)<\/p>\n<div style=\"display:flex; gap:10px;justify-content:center\" class=\"wps-pgfw-pdf-generate-icon__wrapper-frontend\">\n\t\t<a  href=\"https:\/\/ciaoup.it?action=genpdf&amp;id=62748\" class=\"pgfw-single-pdf-download-button\" ><img src=\"https:\/\/ciaoup.it\/wp-content\/plugins\/pdf-generator-for-wp\/admin\/src\/images\/PDF_Tray.svg\" title=\"Generate PDF\" style=\"width:auto; height:45px;\"><\/a>\n\t\t<\/div>","protected":false},"excerpt":{"rendered":"<p>(Adnkronos) &#8211; Importanti novit\u00e0 nel calendario MotoGp 2026. Con un annuncio arrivato ieri, domenica 15&hellip;<\/p>\n","protected":false},"author":3,"featured_media":62749,"comment_status":"open","ping_status":"closed","sticky":false,"template":"","format":"standard","meta":{"footnotes":""},"categories":[12],"tags":[3],"class_list":["post-62748","post","type-post","status-publish","format-standard","has-post-thumbnail","hentry","category-comunicati","tag-ultimora"],"_links":{"self":[{"href":"https:\/\/ciaoup.it\/index.php?rest_route=\/wp\/v2\/posts\/62748","targetHints":{"allow":["GET"]}}],"collection":[{"href":"https:\/\/ciaoup.it\/index.php?rest_route=\/wp\/v2\/posts"}],"about":[{"href":"https:\/\/ciaoup.it\/index.php?rest_route=\/wp\/v2\/types\/post"}],"author":[{"embeddable":true,"href":"https:\/\/ciaoup.it\/index.php?rest_route=\/wp\/v2\/users\/3"}],"replies":[{"embeddable":true,"href":"https:\/\/ciaoup.it\/index.php?rest_route=%2Fwp%2Fv2%2Fcomments&post=62748"}],"version-history":[{"count":1,"href":"https:\/\/ciaoup.it\/index.php?rest_route=\/wp\/v2\/posts\/62748\/revisions"}],"predecessor-version":[{"id":62775,"href":"https:\/\/ciaoup.it\/index.php?rest_route=\/wp\/v2\/posts\/62748\/revisions\/62775"}],"wp:featuredmedia":[{"embeddable":true,"href":"https:\/\/ciaoup.it\/index.php?rest_route=\/wp\/v2\/media\/62749"}],"wp:attachment":[{"href":"https:\/\/ciaoup.it\/index.php?rest_route=%2Fwp%2Fv2%2Fmedia&parent=62748"}],"wp:term":[{"taxonomy":"category","embeddable":true,"href":"https:\/\/ciaoup.it\/index.php?rest_route=%2Fwp%2Fv2%2Fcategories&post=62748"},{"taxonomy":"post_tag","embeddable":true,"href":"https:\/\/ciaoup.it\/index.php?rest_route=%2Fwp%2Fv2%2Ftags&post=62748"}],"curies":[{"name":"wp","href":"https:\/\/api.w.org\/{rel}","templated":true}]}}