{"id":62734,"date":"2026-03-16T16:04:53","date_gmt":"2026-03-16T16:04:53","guid":{"rendered":"https:\/\/ciaoup.it\/?p=62734"},"modified":"2026-03-16T16:04:53","modified_gmt":"2026-03-16T16:04:53","slug":"vonn-si-ritira-dopo-infortunio-a-milano-cortina-la-campionessa-non-ci-sta-smettetela-di-dirmi-cosa-fare","status":"publish","type":"post","link":"https:\/\/ciaoup.it\/?p=62734","title":{"rendered":"Vonn si ritira dopo infortunio a Milano Cortina? La campionessa non ci sta: &#8220;Smettetela di dirmi cosa fare&#8221;"},"content":{"rendered":"<p> (Adnkronos) &#8211; &#8220;No, non sono ancora pronta a parlare del mio futuro nello sci. Mi sono concentrata sul recupero dall&#8217;infortunio e sul ritorno alla vita normale. Mi sono ritirata da 6 anni e ho una vita fantastica al di fuori dello sci. \u00c8 stato incredibile tornare al primo posto nella classifica mondiale a 41 anni e stabilire nuovi record nel mio sport, ma alla mia et\u00e0, sono l&#8217;unica che pu\u00f2 decidere del mio futuro&#8221;. Il futuro di Lindsey Vonn \u00e8 ancora tutto da scrivere. Su X, la fuoriclasse mondiale dello sci alpino non ha dato certezze relativamente alle possibilit\u00e0 di ritiro dopo il bruttissimo infortunio alle Olimpiadi di Milano Cortina 2026. \u00a0<\/p>\n<p>&#8220;Non ho bisogno del permesso di nessuno &#8211; ha detto la campionessa americana &#8211; per fare ci\u00f2 che mi rende felice. Forse significa tornare a gareggiare, forse no. Solo il tempo lo dir\u00e0. Per favore, smettetela di dirmi cosa dovrei o non dovrei do. Vi far\u00f2 sapere quando avr\u00f2 deciso&#8221;. \u00a0<\/p>\n<p>&#8212;<\/p>\n<p>milano-cortina-2026\/protagonisti<\/p>\n<p>webinfo@adnkronos.com (Web Info)<\/p>\n<div style=\"display:flex; gap:10px;justify-content:center\" class=\"wps-pgfw-pdf-generate-icon__wrapper-frontend\">\n\t\t<a  href=\"https:\/\/ciaoup.it?action=genpdf&amp;id=62734\" class=\"pgfw-single-pdf-download-button\" ><img src=\"https:\/\/ciaoup.it\/wp-content\/plugins\/pdf-generator-for-wp\/admin\/src\/images\/PDF_Tray.svg\" title=\"Generate PDF\" style=\"width:auto; height:45px;\"><\/a>\n\t\t<\/div>","protected":false},"excerpt":{"rendered":"<p>(Adnkronos) &#8211; &#8220;No, non sono ancora pronta a parlare del mio futuro nello sci. Mi&hellip;<\/p>\n","protected":false},"author":3,"featured_media":62735,"comment_status":"open","ping_status":"closed","sticky":false,"template":"","format":"standard","meta":{"footnotes":""},"categories":[12],"tags":[3],"class_list":["post-62734","post","type-post","status-publish","format-standard","has-post-thumbnail","hentry","category-comunicati","tag-ultimora"],"_links":{"self":[{"href":"https:\/\/ciaoup.it\/index.php?rest_route=\/wp\/v2\/posts\/62734","targetHints":{"allow":["GET"]}}],"collection":[{"href":"https:\/\/ciaoup.it\/index.php?rest_route=\/wp\/v2\/posts"}],"about":[{"href":"https:\/\/ciaoup.it\/index.php?rest_route=\/wp\/v2\/types\/post"}],"author":[{"embeddable":true,"href":"https:\/\/ciaoup.it\/index.php?rest_route=\/wp\/v2\/users\/3"}],"replies":[{"embeddable":true,"href":"https:\/\/ciaoup.it\/index.php?rest_route=%2Fwp%2Fv2%2Fcomments&post=62734"}],"version-history":[{"count":1,"href":"https:\/\/ciaoup.it\/index.php?rest_route=\/wp\/v2\/posts\/62734\/revisions"}],"predecessor-version":[{"id":62757,"href":"https:\/\/ciaoup.it\/index.php?rest_route=\/wp\/v2\/posts\/62734\/revisions\/62757"}],"wp:featuredmedia":[{"embeddable":true,"href":"https:\/\/ciaoup.it\/index.php?rest_route=\/wp\/v2\/media\/62735"}],"wp:attachment":[{"href":"https:\/\/ciaoup.it\/index.php?rest_route=%2Fwp%2Fv2%2Fmedia&parent=62734"}],"wp:term":[{"taxonomy":"category","embeddable":true,"href":"https:\/\/ciaoup.it\/index.php?rest_route=%2Fwp%2Fv2%2Fcategories&post=62734"},{"taxonomy":"post_tag","embeddable":true,"href":"https:\/\/ciaoup.it\/index.php?rest_route=%2Fwp%2Fv2%2Ftags&post=62734"}],"curies":[{"name":"wp","href":"https:\/\/api.w.org\/{rel}","templated":true}]}}