{"id":62732,"date":"2026-03-16T16:06:00","date_gmt":"2026-03-16T16:06:00","guid":{"rendered":"https:\/\/ciaoup.it\/?p=62732"},"modified":"2026-03-16T16:06:00","modified_gmt":"2026-03-16T16:06:00","slug":"riforma-responsabilita-medica-a-roma-tor-vergata-esperti-a-confronto","status":"publish","type":"post","link":"https:\/\/ciaoup.it\/?p=62732","title":{"rendered":"Riforma responsabilit\u00e0 medica, a Roma Tor Vergata esperti a confronto"},"content":{"rendered":"<p> (Adnkronos) &#8211; La ricerca di una corretta attribuzione delle varie forme di responsabilit\u00e0 in ambito sanitario e il contrasto al fenomeno della medicina difensiva sono questioni centrali e sempre pi\u00f9 attuali nel dibattito pubblico. A queste tematiche &#8211; e alle prospettive di riforma che si sono tradotte in un disegno di legge promosso dal ministero della Salute, attualmente all&#8217;esame della Camera dei deputati &#8211; \u00e8 dedicato il convegno &#8216;Verso la riforma della responsabilit\u00e0 medica, una prospettiva multidisciplinare&#8217;, in programma domani, 17 marzo, dalle 9 nell&#8217;Aula Fleming della Facolt\u00e0 di Medicina e Chirurgia dell&#8217;universit\u00e0 di Roma Tor Vergata (via Montpellier, 1). Un evento organizzato in sinergia tra il Dipartimento di Biomedicina e Prevenzione e il Dipartimento di Giurisprudenza dell&#8217;ateneo di Roma Tor Vergata e il CeSDirSan, Centro interdisciplinare di studi sul diritto sanitario, con il patrocinio di Simpla, Societ\u00e0 italiana di medicina legale e delle assicurazioni.\u00a0<\/p>\n<p>I saluti istituzionali sono affidati a Orazio Schillaci, ministro della Salute, all&#8217;onorevole Ugo Cappellacci, presidente della Commissione Affari sociali della Camera dei deputati, a Nathan Levialdi Ghiron, rettore dell&#8217;universit\u00e0 di Roma Tor Vergata, Roberto Bei, preside della Facolt\u00e0 di Medicina, Venerando Marano, direttore del Dipartimento di Giurisprudenza, e Ferdinando Romano, direttore generale del Policlinico Tor Vergata. A introdurre i lavori sar\u00e0 Luigi Tonino Marsella, direttore del Dipartimento di Biomedicina e Prevenzione. L&#8217;incontro si articoler\u00e0 in 3 sezioni focalizzate sulle prospettive di riforma della responsabilit\u00e0 penale, civile e contabile e sull&#8217;impatto delle modifiche nella prospettiva clinica e medico legale.\u00a0<\/p>\n<p>&#8212;<\/p>\n<p>salute<\/p>\n<p>webinfo@adnkronos.com (Web Info)<\/p>\n<div style=\"display:flex; gap:10px;justify-content:center\" class=\"wps-pgfw-pdf-generate-icon__wrapper-frontend\">\n\t\t<a  href=\"https:\/\/ciaoup.it?action=genpdf&amp;id=62732\" class=\"pgfw-single-pdf-download-button\" ><img src=\"https:\/\/ciaoup.it\/wp-content\/plugins\/pdf-generator-for-wp\/admin\/src\/images\/PDF_Tray.svg\" title=\"Generate PDF\" style=\"width:auto; height:45px;\"><\/a>\n\t\t<\/div>","protected":false},"excerpt":{"rendered":"<p>(Adnkronos) &#8211; La ricerca di una corretta attribuzione delle varie forme di responsabilit\u00e0 in ambito&hellip;<\/p>\n","protected":false},"author":3,"featured_media":62733,"comment_status":"open","ping_status":"closed","sticky":false,"template":"","format":"standard","meta":{"footnotes":""},"categories":[12],"tags":[3],"class_list":["post-62732","post","type-post","status-publish","format-standard","has-post-thumbnail","hentry","category-comunicati","tag-ultimora"],"_links":{"self":[{"href":"https:\/\/ciaoup.it\/index.php?rest_route=\/wp\/v2\/posts\/62732","targetHints":{"allow":["GET"]}}],"collection":[{"href":"https:\/\/ciaoup.it\/index.php?rest_route=\/wp\/v2\/posts"}],"about":[{"href":"https:\/\/ciaoup.it\/index.php?rest_route=\/wp\/v2\/types\/post"}],"author":[{"embeddable":true,"href":"https:\/\/ciaoup.it\/index.php?rest_route=\/wp\/v2\/users\/3"}],"replies":[{"embeddable":true,"href":"https:\/\/ciaoup.it\/index.php?rest_route=%2Fwp%2Fv2%2Fcomments&post=62732"}],"version-history":[{"count":1,"href":"https:\/\/ciaoup.it\/index.php?rest_route=\/wp\/v2\/posts\/62732\/revisions"}],"predecessor-version":[{"id":62758,"href":"https:\/\/ciaoup.it\/index.php?rest_route=\/wp\/v2\/posts\/62732\/revisions\/62758"}],"wp:featuredmedia":[{"embeddable":true,"href":"https:\/\/ciaoup.it\/index.php?rest_route=\/wp\/v2\/media\/62733"}],"wp:attachment":[{"href":"https:\/\/ciaoup.it\/index.php?rest_route=%2Fwp%2Fv2%2Fmedia&parent=62732"}],"wp:term":[{"taxonomy":"category","embeddable":true,"href":"https:\/\/ciaoup.it\/index.php?rest_route=%2Fwp%2Fv2%2Fcategories&post=62732"},{"taxonomy":"post_tag","embeddable":true,"href":"https:\/\/ciaoup.it\/index.php?rest_route=%2Fwp%2Fv2%2Ftags&post=62732"}],"curies":[{"name":"wp","href":"https:\/\/api.w.org\/{rel}","templated":true}]}}