{"id":62709,"date":"2026-03-16T15:36:06","date_gmt":"2026-03-16T15:36:06","guid":{"rendered":"https:\/\/ciaoup.it\/?p=62709"},"modified":"2026-03-16T15:36:06","modified_gmt":"2026-03-16T15:36:06","slug":"tram-deragliato-a-milano-il-conducente-non-risponde-a-pm-non-e-nelle-condizioni-fisiche","status":"publish","type":"post","link":"https:\/\/ciaoup.it\/?p=62709","title":{"rendered":"Tram deragliato a Milano, il conducente non risponde a pm: &#8220;Non \u00e8 nelle condizioni fisiche&#8221;"},"content":{"rendered":"<p> (Adnkronos) &#8211; &#8220;Si \u00e8 avvalso della facolt\u00e0 di non rispondere, non \u00e8 ancora nelle condizioni fisiche per farlo&#8221; il legale del tranviere indagato per disastro ferroviario, omicidio e lesioni colpose, convocato per essere interrogato in Procura a Milano sul deragliamento del tram della linea 9 dello scorso 27 febbraio in cui hanno perso la vita due persone. Ad affermarlo l&#8217;avvocato Mirko Mazzali.\u00a0<\/p>\n<p>Il sessantenne &#8211; difeso dagli avvocati Benedetto Tusa e Mirko Mazzali &#8211; \u00e8 stato convocato dai pm Elisa Calanducci e Corinna Carrara, titolari del fascicolo.  Il conducente, quel venerd\u00ec, era entrato in servizio nel primo pomeriggio e &#8211; nelle dichiarazioni spontanee rese alla Polizia locale &#8211; ha dichiarato di aver perso il controllo del tram per un malore improvviso, dovuto a un trauma all&#8217;alluce del piede sinistro che si sarebbe provocato mentre, a inizio turno, aveva aiutato a salire a bordo del mezzo un disabile in carrozzina. Il dolore sarebbe piano piano cresciuto, fino a diventare fortissimo tanto da avere una sorta di mancamento. \u00a0<\/p>\n<p>La sincope vasovagale, diagnosticata al Niguarda, sarebbe alla base del salto della fermata in viale Vittorio Veneto e del mancato scambio che ha portato il tramlink non a procedere dritto, ma a girare a velocit\u00e0 elevata a sinistra finendo la corsa contro lo stabile.\u00a0<\/p>\n<p>&#8212;<\/p>\n<p>cronaca<\/p>\n<p>webinfo@adnkronos.com (Web Info)<\/p>\n<div style=\"display:flex; gap:10px;justify-content:center\" class=\"wps-pgfw-pdf-generate-icon__wrapper-frontend\">\n\t\t<a  href=\"https:\/\/ciaoup.it?action=genpdf&amp;id=62709\" class=\"pgfw-single-pdf-download-button\" ><img src=\"https:\/\/ciaoup.it\/wp-content\/plugins\/pdf-generator-for-wp\/admin\/src\/images\/PDF_Tray.svg\" title=\"Generate PDF\" style=\"width:auto; height:45px;\"><\/a>\n\t\t<\/div>","protected":false},"excerpt":{"rendered":"<p>(Adnkronos) &#8211; &#8220;Si \u00e8 avvalso della facolt\u00e0 di non rispondere, non \u00e8 ancora nelle condizioni&hellip;<\/p>\n","protected":false},"author":3,"featured_media":62710,"comment_status":"open","ping_status":"closed","sticky":false,"template":"","format":"standard","meta":{"footnotes":""},"categories":[12],"tags":[3],"class_list":["post-62709","post","type-post","status-publish","format-standard","has-post-thumbnail","hentry","category-comunicati","tag-ultimora"],"_links":{"self":[{"href":"https:\/\/ciaoup.it\/index.php?rest_route=\/wp\/v2\/posts\/62709","targetHints":{"allow":["GET"]}}],"collection":[{"href":"https:\/\/ciaoup.it\/index.php?rest_route=\/wp\/v2\/posts"}],"about":[{"href":"https:\/\/ciaoup.it\/index.php?rest_route=\/wp\/v2\/types\/post"}],"author":[{"embeddable":true,"href":"https:\/\/ciaoup.it\/index.php?rest_route=\/wp\/v2\/users\/3"}],"replies":[{"embeddable":true,"href":"https:\/\/ciaoup.it\/index.php?rest_route=%2Fwp%2Fv2%2Fcomments&post=62709"}],"version-history":[{"count":1,"href":"https:\/\/ciaoup.it\/index.php?rest_route=\/wp\/v2\/posts\/62709\/revisions"}],"predecessor-version":[{"id":62739,"href":"https:\/\/ciaoup.it\/index.php?rest_route=\/wp\/v2\/posts\/62709\/revisions\/62739"}],"wp:featuredmedia":[{"embeddable":true,"href":"https:\/\/ciaoup.it\/index.php?rest_route=\/wp\/v2\/media\/62710"}],"wp:attachment":[{"href":"https:\/\/ciaoup.it\/index.php?rest_route=%2Fwp%2Fv2%2Fmedia&parent=62709"}],"wp:term":[{"taxonomy":"category","embeddable":true,"href":"https:\/\/ciaoup.it\/index.php?rest_route=%2Fwp%2Fv2%2Fcategories&post=62709"},{"taxonomy":"post_tag","embeddable":true,"href":"https:\/\/ciaoup.it\/index.php?rest_route=%2Fwp%2Fv2%2Ftags&post=62709"}],"curies":[{"name":"wp","href":"https:\/\/api.w.org\/{rel}","templated":true}]}}