{"id":62658,"date":"2026-03-16T14:16:15","date_gmt":"2026-03-16T14:16:15","guid":{"rendered":"https:\/\/ciaoup.it\/?p=62658"},"modified":"2026-03-16T14:16:15","modified_gmt":"2026-03-16T14:16:15","slug":"sagre-de-poli-udc-premiando-la-qualita-si-celebra-anche-il-volontariato","status":"publish","type":"post","link":"https:\/\/ciaoup.it\/?p=62658","title":{"rendered":"Sagre, De Poli (UdC): &#8220;Premiando la qualit\u00e0 si celebra anche il volontariato&#8221;"},"content":{"rendered":"<p> (Adnkronos) &#8211; \u201cCredo che oggi premiare le sagre di qualit\u00e0 significhi premiare il grande mondo del volontariato: sono pi\u00f9 di 6400 le associazioni e centinaia di migliaia i volontari che lavorano gratuitamente nei nostri territori e di questi sono gli ambasciatori, delle nostre comunit\u00e0, dei nostri borghi, delle nostre citt\u00e0\u201d. E\u2019 quanto affermato dal senatore Antonio De Poli, segretario dell\u2019Udc, alla cerimonia di assegnazione dei marchi \u201cSagra di Qualit\u00e0\u201d ed \u201cEvento di Qualit\u00e0\u201d da parte dell\u2019Unione Nazionale delle Pro Loco d\u2019Italia, che rinnova, cos\u00ec, il suo impegno nella valorizzazione delle tradizioni, delle produzioni tipiche e del patrimonio culturale materiale e immateriale italiano, svoltasi presso il Senato della Repubblica. \u00a0<\/p>\n<p>Prendere parte a questi eventi \u201csignifica conoscere e far conoscere le tradizioni ai nostri figli, che per molti aspetti le hanno perse, ma soprattutto a livello nazionale e internazionale &#8211; aggiunge il senatore &#8211; Credo che questo sia il grande valore del mondo del volontariato, delle Proloco. Oggi premiamo quindi tutte quelle sagre e manifestazioni che hanno fatto un percorso di qualit\u00e0 e di attenzione, con momenti di formazione importanti, fondamentali nel mondo in cui ci troviamo\u201d. \u201cDa qui parte anche un messaggio da parte del mondo del volontariato, quello della pace &#8211; precisa &#8211; Il volontariato \u00e8 cuore e amore: verso le comunit\u00e0, i cittadini e verso le persone. Il che significa un grande appello alla pace\u201d. \u00a0<\/p>\n<p>Per tutelare il lavoro delle Proloco \u201cc&#8217;\u00e8 una proposta di legge che \u00e8 gi\u00e0 stata presentata da me, come primo firmatario, firmata da tutti i gruppi dei diversi schieramenti. Tutti condividono il percorso. Stiamo arrivando al dunque e spero che nel giro di qualche mese veda la luce questa legge\u201d che mira a \u201csburocratizzare il sistema, dando la possibilit\u00e0 ai nostri amministratori, sindaci e, dall&#8217;altra parte, ai presidenti delle Proloco e a tutti i volontari di poter fare le manifestazioni in modo pi\u00f9 semplice, pi\u00f9 concreto e con meno responsabilit\u00e0\u201d.\u00a0<\/p>\n<p>&#8212;<\/p>\n<p>cronaca<\/p>\n<p>webinfo@adnkronos.com (Web Info)<\/p>\n<div style=\"display:flex; gap:10px;justify-content:center\" class=\"wps-pgfw-pdf-generate-icon__wrapper-frontend\">\n\t\t<a  href=\"https:\/\/ciaoup.it?action=genpdf&amp;id=62658\" class=\"pgfw-single-pdf-download-button\" ><img src=\"https:\/\/ciaoup.it\/wp-content\/plugins\/pdf-generator-for-wp\/admin\/src\/images\/PDF_Tray.svg\" title=\"Generate PDF\" style=\"width:auto; height:45px;\"><\/a>\n\t\t<\/div>","protected":false},"excerpt":{"rendered":"<p>(Adnkronos) &#8211; \u201cCredo che oggi premiare le sagre di qualit\u00e0 significhi premiare il grande mondo&hellip;<\/p>\n","protected":false},"author":3,"featured_media":62659,"comment_status":"open","ping_status":"closed","sticky":false,"template":"","format":"standard","meta":{"footnotes":""},"categories":[12],"tags":[3],"class_list":["post-62658","post","type-post","status-publish","format-standard","has-post-thumbnail","hentry","category-comunicati","tag-ultimora"],"_links":{"self":[{"href":"https:\/\/ciaoup.it\/index.php?rest_route=\/wp\/v2\/posts\/62658","targetHints":{"allow":["GET"]}}],"collection":[{"href":"https:\/\/ciaoup.it\/index.php?rest_route=\/wp\/v2\/posts"}],"about":[{"href":"https:\/\/ciaoup.it\/index.php?rest_route=\/wp\/v2\/types\/post"}],"author":[{"embeddable":true,"href":"https:\/\/ciaoup.it\/index.php?rest_route=\/wp\/v2\/users\/3"}],"replies":[{"embeddable":true,"href":"https:\/\/ciaoup.it\/index.php?rest_route=%2Fwp%2Fv2%2Fcomments&post=62658"}],"version-history":[{"count":1,"href":"https:\/\/ciaoup.it\/index.php?rest_route=\/wp\/v2\/posts\/62658\/revisions"}],"predecessor-version":[{"id":62683,"href":"https:\/\/ciaoup.it\/index.php?rest_route=\/wp\/v2\/posts\/62658\/revisions\/62683"}],"wp:featuredmedia":[{"embeddable":true,"href":"https:\/\/ciaoup.it\/index.php?rest_route=\/wp\/v2\/media\/62659"}],"wp:attachment":[{"href":"https:\/\/ciaoup.it\/index.php?rest_route=%2Fwp%2Fv2%2Fmedia&parent=62658"}],"wp:term":[{"taxonomy":"category","embeddable":true,"href":"https:\/\/ciaoup.it\/index.php?rest_route=%2Fwp%2Fv2%2Fcategories&post=62658"},{"taxonomy":"post_tag","embeddable":true,"href":"https:\/\/ciaoup.it\/index.php?rest_route=%2Fwp%2Fv2%2Ftags&post=62658"}],"curies":[{"name":"wp","href":"https:\/\/api.w.org\/{rel}","templated":true}]}}