{"id":62656,"date":"2026-03-16T14:21:37","date_gmt":"2026-03-16T14:21:37","guid":{"rendered":"https:\/\/ciaoup.it\/?p=62656"},"modified":"2026-03-16T14:21:37","modified_gmt":"2026-03-16T14:21:37","slug":"milano-cortina-abodi-eredita-giochi-anche-in-creazione-di-nuovi-spazi-per-lo-sport","status":"publish","type":"post","link":"https:\/\/ciaoup.it\/?p=62656","title":{"rendered":"Milano-Cortina, Abodi: &#8220;Eredit\u00e0 Giochi anche in creazione di nuovi spazi per lo sport&#8221;"},"content":{"rendered":"<p> (Adnkronos) &#8211; \u201cL\u2019iniziativa di oggi \u00e8 un modo per far tornare i ragazzi in campo e per arricchire una citt\u00e0. \u00c8 un\u2019iniziativa di tutti i giorni, con uno spazio che viene messo a disposizione degli sportivi di ogni et\u00e0 e di ogni condizione. La consacrazione di quello che stiamo cercando di fare come governo, in collaborazione con le amministrazioni del territorio\u201d. Lo ha detto il ministro per lo Sport e i Giovani Andrea Abodi, a margine dell\u2019inaugurazione di un playground a Cologno Monzese nell\u2019ambito del progetto Illumina, ideato da Sport e Salute e promosso e finanziato dal Ministro per lo Sport e i Giovani. Il ministro ha continuato: \u201cImportanza della coincidenza con la fine delle Paralimpiadi di Milano Cortina? Io considero sempre gli eventi come momenti di una strategia che mette insieme l\u2019alto livello con le attivit\u00e0 sociali e di base. C\u2019\u00e8 una relazione stretta tra quello che abbiamo celebrato fino a ieri sera e quello che inizia oggi, non sono due momenti distinti. L\u2019eredit\u00e0 che vogliamo consolidare riguarda tante giornate come questa, cio\u00e8 tanti spazi che si illumineranno e che consentiranno alle persone di ogni et\u00e0 di poter praticare sport. Non soltanto per vincere una medaglia, ma soprattutto per seguire il benessere individuale e comunitario\u201d.\u00a0<\/p>\n<p>Sul tema calcio ha poi aggiunto: &#8220;Giusto non mettere in discussione la convocazione di Bastoni in Nazionale? Io credo che si venga convocati non soltanto per le qualit\u00e0 tecniche ma anche per le qualit\u00e0 comportamentali. Bastoni ha avuto la lucidit\u00e0 di ammettere di aver sbagliato&#8221;. Il ministro ha aggiunto: &#8220;I fischi dei tifosi? Ognuno fa quello che ritiene pi\u00f9 opportuno, io credo che il rispetto sia un fattore supremo e questo rispetto si manifesta nei comportamenti dei protagonisti e nei comportamenti di quelli che spesso prendono esempio dai protagonisti, considerando il pubblico parte del protagonismo sportivo. Credo che chi arrivi a certi livelli abbia la consapevolezza di giocare per il pubblico. A un livello professionale cos\u00ec alto si hanno si hanno anche dei doveri, oltre che dei diritti che contrattualmente vengono sempre sanciti e rispettati&#8221;. Il ministro \u00e8 poi tornato sulla candidatura di Bastoni al Premio Rosa, da parte della Regione Lombardia: &#8220;Rispetto la decisione, ma c&#8217;\u00e8 stata qualche distrazione&#8221;.\u00a0<\/p>\n<p>\u201cCome possiamo aiutare gli arbitri? La prima collaborazione passa dal comportamento in campo, quindi aiutiamoli a fare serenamente il loro lavoro, che non \u00e8 semplice, ricordando che senza gli arbitri non si gioca\u201d.Il ministro ha aggiunto: \u201cBisogna ricordarsi, non solo nella massima serie ma anche nelle serie minori, che chi picchia un arbitro deve pagare e non soltanto con il Daspo. Dobbiamo fare in modo che un comportamento leale e corretto sul campo aiuti l\u2019arbitro a prendere le decisioni giuste. E, se c\u2019\u00e8 qualche errore, mi auguro che vengano elaborate delle regole che consentano di recuperarlo anche fuori dal campo. Per evitare un doppio errore\u201d.\/\u00a0<\/p>\n<p>\u201cItalia verso i Mondiali? Il playoff si gioca il 26, si scende in campo tutti insieme, mi auguro che si possa essere tutti dalla stessa parte&#8221;.  Il ministro ha commentato poi la situazione degli stadi per Euro 2032, senza sbilanciarsi: &#8220;Arriveranno a ottobre le decisioni che prender\u00e0 la federazione del calcio&#8221;.\u00a0<\/p>\n<p>&#8212;<\/p>\n<p>sport<\/p>\n<p>webinfo@adnkronos.com (Web Info)<\/p>\n<div style=\"display:flex; gap:10px;justify-content:center\" class=\"wps-pgfw-pdf-generate-icon__wrapper-frontend\">\n\t\t<a  href=\"https:\/\/ciaoup.it?action=genpdf&amp;id=62656\" class=\"pgfw-single-pdf-download-button\" ><img src=\"https:\/\/ciaoup.it\/wp-content\/plugins\/pdf-generator-for-wp\/admin\/src\/images\/PDF_Tray.svg\" title=\"Generate PDF\" style=\"width:auto; height:45px;\"><\/a>\n\t\t<\/div>","protected":false},"excerpt":{"rendered":"<p>(Adnkronos) &#8211; \u201cL\u2019iniziativa di oggi \u00e8 un modo per far tornare i ragazzi in campo&hellip;<\/p>\n","protected":false},"author":3,"featured_media":62657,"comment_status":"open","ping_status":"closed","sticky":false,"template":"","format":"standard","meta":{"footnotes":""},"categories":[12],"tags":[3],"class_list":["post-62656","post","type-post","status-publish","format-standard","has-post-thumbnail","hentry","category-comunicati","tag-ultimora"],"_links":{"self":[{"href":"https:\/\/ciaoup.it\/index.php?rest_route=\/wp\/v2\/posts\/62656","targetHints":{"allow":["GET"]}}],"collection":[{"href":"https:\/\/ciaoup.it\/index.php?rest_route=\/wp\/v2\/posts"}],"about":[{"href":"https:\/\/ciaoup.it\/index.php?rest_route=\/wp\/v2\/types\/post"}],"author":[{"embeddable":true,"href":"https:\/\/ciaoup.it\/index.php?rest_route=\/wp\/v2\/users\/3"}],"replies":[{"embeddable":true,"href":"https:\/\/ciaoup.it\/index.php?rest_route=%2Fwp%2Fv2%2Fcomments&post=62656"}],"version-history":[{"count":1,"href":"https:\/\/ciaoup.it\/index.php?rest_route=\/wp\/v2\/posts\/62656\/revisions"}],"predecessor-version":[{"id":62684,"href":"https:\/\/ciaoup.it\/index.php?rest_route=\/wp\/v2\/posts\/62656\/revisions\/62684"}],"wp:featuredmedia":[{"embeddable":true,"href":"https:\/\/ciaoup.it\/index.php?rest_route=\/wp\/v2\/media\/62657"}],"wp:attachment":[{"href":"https:\/\/ciaoup.it\/index.php?rest_route=%2Fwp%2Fv2%2Fmedia&parent=62656"}],"wp:term":[{"taxonomy":"category","embeddable":true,"href":"https:\/\/ciaoup.it\/index.php?rest_route=%2Fwp%2Fv2%2Fcategories&post=62656"},{"taxonomy":"post_tag","embeddable":true,"href":"https:\/\/ciaoup.it\/index.php?rest_route=%2Fwp%2Fv2%2Ftags&post=62656"}],"curies":[{"name":"wp","href":"https:\/\/api.w.org\/{rel}","templated":true}]}}