{"id":62649,"date":"2026-03-16T13:30:33","date_gmt":"2026-03-16T13:30:33","guid":{"rendered":"https:\/\/ciaoup.it\/?p=62649"},"modified":"2026-03-16T13:30:33","modified_gmt":"2026-03-16T13:30:33","slug":"sagre-sindaco-niscemi-premio-riconosce-nostro-lavoro-ed-e-simbolo-di-ripartenza","status":"publish","type":"post","link":"https:\/\/ciaoup.it\/?p=62649","title":{"rendered":"Sagre, sindaco Niscemi: &#8220;Premio riconosce nostro lavoro ed \u00e8 simbolo di ripartenza&#8221;"},"content":{"rendered":"<p> (Adnkronos) &#8211; \u201cRiceviamo un riconoscimento dal duplice significato: da un lato c\u2019\u00e8 il lavoro svolto, un lavoro lungo 44 anni di Sagra del carciofo, dall\u2019altro vale come simbolo di ripartenza\u201d. Con queste dichiarazioni, Massimiliano Conti, sindaco di Niscemi (Caltanissetta) in Sicilia \u00e8 intervenuto in occasione della cerimonia di assegnazione dei marchi \u201cSagra di Qualit\u00e0\u201d ed \u201cEvento di Qualit\u00e0\u201d da parte dell\u2019Unione Nazionale delle Pro Loco d\u2019Italia, che rinnova, cos\u00ec, il suo impegno nella valorizzazione delle tradizioni, delle produzioni tipiche e del patrimonio culturale materiale e immateriale italiano, svoltasi presso il Senato della Repubblica. \u00a0<\/p>\n<p>\u201cPochi giorni fa, infatti, abbiamo deciso di riproporre questo appuntamento. Questo significa che sar\u00e0 un momento di rinascita e di crescita della nostra comunit\u00e0 dopo tutto quello che ci \u00e8 accaduto\u201d, conclude il sindaco, facendo riferimento alla tragica frana che ha colpito il Comune di Niscemi in seguito alle prolungate precipitazioni.\u00a0<\/p>\n<p>&#8212;<\/p>\n<p>cronaca<\/p>\n<p>webinfo@adnkronos.com (Web Info)<\/p>\n<div style=\"display:flex; gap:10px;justify-content:center\" class=\"wps-pgfw-pdf-generate-icon__wrapper-frontend\">\n\t\t<a  href=\"https:\/\/ciaoup.it?action=genpdf&amp;id=62649\" class=\"pgfw-single-pdf-download-button\" ><img src=\"https:\/\/ciaoup.it\/wp-content\/plugins\/pdf-generator-for-wp\/admin\/src\/images\/PDF_Tray.svg\" title=\"Generate PDF\" style=\"width:auto; height:45px;\"><\/a>\n\t\t<\/div>","protected":false},"excerpt":{"rendered":"<p>(Adnkronos) &#8211; \u201cRiceviamo un riconoscimento dal duplice significato: da un lato c\u2019\u00e8 il lavoro svolto,&hellip;<\/p>\n","protected":false},"author":3,"featured_media":62650,"comment_status":"open","ping_status":"closed","sticky":false,"template":"","format":"standard","meta":{"footnotes":""},"categories":[12],"tags":[3],"class_list":["post-62649","post","type-post","status-publish","format-standard","has-post-thumbnail","hentry","category-comunicati","tag-ultimora"],"_links":{"self":[{"href":"https:\/\/ciaoup.it\/index.php?rest_route=\/wp\/v2\/posts\/62649","targetHints":{"allow":["GET"]}}],"collection":[{"href":"https:\/\/ciaoup.it\/index.php?rest_route=\/wp\/v2\/posts"}],"about":[{"href":"https:\/\/ciaoup.it\/index.php?rest_route=\/wp\/v2\/types\/post"}],"author":[{"embeddable":true,"href":"https:\/\/ciaoup.it\/index.php?rest_route=\/wp\/v2\/users\/3"}],"replies":[{"embeddable":true,"href":"https:\/\/ciaoup.it\/index.php?rest_route=%2Fwp%2Fv2%2Fcomments&post=62649"}],"version-history":[{"count":1,"href":"https:\/\/ciaoup.it\/index.php?rest_route=\/wp\/v2\/posts\/62649\/revisions"}],"predecessor-version":[{"id":62668,"href":"https:\/\/ciaoup.it\/index.php?rest_route=\/wp\/v2\/posts\/62649\/revisions\/62668"}],"wp:featuredmedia":[{"embeddable":true,"href":"https:\/\/ciaoup.it\/index.php?rest_route=\/wp\/v2\/media\/62650"}],"wp:attachment":[{"href":"https:\/\/ciaoup.it\/index.php?rest_route=%2Fwp%2Fv2%2Fmedia&parent=62649"}],"wp:term":[{"taxonomy":"category","embeddable":true,"href":"https:\/\/ciaoup.it\/index.php?rest_route=%2Fwp%2Fv2%2Fcategories&post=62649"},{"taxonomy":"post_tag","embeddable":true,"href":"https:\/\/ciaoup.it\/index.php?rest_route=%2Fwp%2Fv2%2Ftags&post=62649"}],"curies":[{"name":"wp","href":"https:\/\/api.w.org\/{rel}","templated":true}]}}