{"id":62576,"date":"2026-03-16T10:36:00","date_gmt":"2026-03-16T10:36:00","guid":{"rendered":"https:\/\/ciaoup.it\/?p=62576"},"modified":"2026-03-16T10:36:00","modified_gmt":"2026-03-16T10:36:00","slug":"cirielli-incontro-con-ambasciatore-russo-farnesina-sapeva-due-funzionari-con-me","status":"publish","type":"post","link":"https:\/\/ciaoup.it\/?p=62576","title":{"rendered":"Cirielli: &#8220;Incontro con ambasciatore russo? Farnesina sapeva, due funzionari con me&#8221;"},"content":{"rendered":"<p> (Adnkronos) &#8211; &#8220;Falso che la presidente Giorgia Meloni sia arrabbiata con me, falso che la Farnesina non sapesse&#8221;. Cos\u00ec all&#8217;Adnkronos il viceministro degli Esteri Edmondo Cirielli commenta il retroscena pubblicato dal Corriere della Sera sul suo incontro con l&#8217;ambasciatore russo a Roma Aleksej Vladimirovich Paramonov. \u00a0<\/p>\n<p>&#8220;\u00c8 falso che la Farnesina non sapesse&#8221;, ribadisce l&#8217;esponente di Fdi. &#8220;All&#8217;incontro &#8211; racconta &#8211; hanno partecipato anche due funzionari del Ministero degli Esteri, uno della Direzione generale per gli Affari politici, che hanno preso nota formale di quello che veniva detto. \u00c8 stata redatta una nota formale dell&#8217;incontro, quindi era tutto assolutamente alla luce del sole&#8221;.\u00a0<\/p>\n<p>Secondo il viceministro si \u00e8 trattato di una prassi diplomatica ordinaria: &#8220;Quando un&#8217;ambasciata chiede un incontro a livello governativo, spesso non \u00e8 il ministro a riceverli ma il viceministro. \u00c8 normale che sia io ad ascoltare gli ambasciatori, soprattutto quando si tratta di rapporti complessi. Sono diplomatici accreditati e fanno il loro lavoro&#8221;. Cirielli smentisce anche tensioni con la premier: &#8220;La ricostruzione di un&#8217;arrabbiatura di Meloni \u00e8 completamente fantasiosa. Subito dopo, tra l&#8217;altro, sono stato con lei in Etiopia. L&#8217;incontro con l&#8217;ambasciatore \u00e8 avvenuto il 3 febbraio e non c&#8217;\u00e8 stato alcun problema&#8221;.\u00a0<\/p>\n<p>Nessuna reazione, aggiunge, neppure da parte del ministro degli Esteri Antonio Tajani: &#8220;Tajani non mi ha nemmeno chiamato&#8221;. Il viceministro conferma inoltre che non si trattava del primo colloquio con il diplomatico russo: &#8220;Non \u00e8 la prima volta che incontro l&#8217;ambasciatore, anche in passato mi aveva chiesto un incontro. \u00c8 normale che accada: quando chiedono un confronto con il governo, di solito li ricevo io&#8221;. Quanto ai contenuti dell&#8217;ultimo faccia a faccia, Cirielli minimizza: &#8220;In genere gli ambasciatori vengono a rappresentare le loro posizioni quando ritengono che ci siano state tensioni o episodi che, secondo loro, hanno penalizzato il loro Paese. In questo caso mi pare facesse riferimento ad alcuni episodi legati a proteste o manifestazioni. Nulla di particolare: fanno il loro lavoro di ambasciatori&#8221;.\u00a0<\/p>\n<p>Secondo il Corriere della Sera sarebbe scoppiato un caso nel partito della premier Meloni a causa del faccia a faccia perch\u00e9 sarebbe stata un\u2019iniziativa non concordata. Tanto che la reazione della premier &#8220;non \u00e8 stata delle migliori&#8221;, raccontano una serie di fonti secondo quanto si legge sul quotidiano milanese il quale sottolinea che Palazzo Chigi avrebbe fatto di tutto in questo periodo per coprire il caso.\u00a0<\/p>\n<p>\u201cSe un viceministro incontra l\u2019ambasciatore russo (lo stesso peraltro che aveva gi\u00e0 incontrato esponenti del governo filorusso georgiano) non ci sono questioni. Se ne deve andare. Altrimenti ci troveremmo di fronte al governo pi\u00f9 filorusso di Europa, accanto a Orban. Via Cirielli\u201d. Lo scrive il senatore Pd, Filippo Sensi, sui social.\u00a0<\/p>\n<p>&#8220;L\u2019incontro tra il viceministro degli Esteri Edmondo Cirielli e l\u2019ambasciatore della Federazione Russa in Italia rappresenta un fatto grave che non pu\u00f2 essere archiviato con il silenzio o con spiegazioni evasive. Da oltre quattro anni l\u2019Europa \u00e8 chiamata a difendere l\u2019ordine internazionale violato dall\u2019aggressione russa contro l\u2019Ucraina. In questo contesto, ogni interlocuzione istituzionale con rappresentanti del Cremlino deve avvenire nella massima trasparenza, nel rispetto della linea euro-atlantica del nostro Paese e in pieno coordinamento con il governo e con i partner europei. Per questo motivo \u00e8 necessario chiarire immediatamente le ragioni, i contenuti e le modalit\u00e0 di questo incontro&#8221;. Lo scrive su X la vicepresidente del Parlamento europeo, Pina Picierno.\u00a0<\/p>\n<p>&#8220;Delle due l\u2019una: o la presidente del Consiglio Giorgia Meloni era informata -sottolinea- e ha ritenuto opportuno non rendere pubblico un confronto con il rappresentante diplomatico di un Paese che sta minando la sicurezza europea, oppure non esercita un controllo sull\u2019operato dei viceministri del suo governo. Entrambe le ipotesi sarebbero estremamente preoccupanti. L\u2019Italia non pu\u00f2 permettersi ambiguit\u00e0. Non pu\u00f2 permettersi zone d\u2019ombra nei rapporti con un regime che conduce una guerra di aggressione nel cuore dell\u2019Europa e che utilizza sistematicamente la diplomazia come strumento di pressione politica e di propaganda. La credibilit\u00e0 internazionale dell\u2019Italia, la lealt\u00e0 verso i nostri alleati e il rispetto dei principi su cui si fonda l\u2019Unione europea non possono essere messi in discussione da iniziative opache o personali\u201d, conclude Picierno.\u00a0<\/p>\n<p>&#8212;<\/p>\n<p>politica<\/p>\n<p>webinfo@adnkronos.com (Web Info)<\/p>\n<div style=\"display:flex; gap:10px;justify-content:center\" class=\"wps-pgfw-pdf-generate-icon__wrapper-frontend\">\n\t\t<a  href=\"https:\/\/ciaoup.it?action=genpdf&amp;id=62576\" class=\"pgfw-single-pdf-download-button\" ><img src=\"https:\/\/ciaoup.it\/wp-content\/plugins\/pdf-generator-for-wp\/admin\/src\/images\/PDF_Tray.svg\" title=\"Generate PDF\" style=\"width:auto; height:45px;\"><\/a>\n\t\t<\/div>","protected":false},"excerpt":{"rendered":"<p>(Adnkronos) &#8211; &#8220;Falso che la presidente Giorgia Meloni sia arrabbiata con me, falso che la&hellip;<\/p>\n","protected":false},"author":3,"featured_media":62577,"comment_status":"open","ping_status":"closed","sticky":false,"template":"","format":"standard","meta":{"footnotes":""},"categories":[12],"tags":[3],"class_list":["post-62576","post","type-post","status-publish","format-standard","has-post-thumbnail","hentry","category-comunicati","tag-ultimora"],"_links":{"self":[{"href":"https:\/\/ciaoup.it\/index.php?rest_route=\/wp\/v2\/posts\/62576","targetHints":{"allow":["GET"]}}],"collection":[{"href":"https:\/\/ciaoup.it\/index.php?rest_route=\/wp\/v2\/posts"}],"about":[{"href":"https:\/\/ciaoup.it\/index.php?rest_route=\/wp\/v2\/types\/post"}],"author":[{"embeddable":true,"href":"https:\/\/ciaoup.it\/index.php?rest_route=\/wp\/v2\/users\/3"}],"replies":[{"embeddable":true,"href":"https:\/\/ciaoup.it\/index.php?rest_route=%2Fwp%2Fv2%2Fcomments&post=62576"}],"version-history":[{"count":1,"href":"https:\/\/ciaoup.it\/index.php?rest_route=\/wp\/v2\/posts\/62576\/revisions"}],"predecessor-version":[{"id":62587,"href":"https:\/\/ciaoup.it\/index.php?rest_route=\/wp\/v2\/posts\/62576\/revisions\/62587"}],"wp:featuredmedia":[{"embeddable":true,"href":"https:\/\/ciaoup.it\/index.php?rest_route=\/wp\/v2\/media\/62577"}],"wp:attachment":[{"href":"https:\/\/ciaoup.it\/index.php?rest_route=%2Fwp%2Fv2%2Fmedia&parent=62576"}],"wp:term":[{"taxonomy":"category","embeddable":true,"href":"https:\/\/ciaoup.it\/index.php?rest_route=%2Fwp%2Fv2%2Fcategories&post=62576"},{"taxonomy":"post_tag","embeddable":true,"href":"https:\/\/ciaoup.it\/index.php?rest_route=%2Fwp%2Fv2%2Ftags&post=62576"}],"curies":[{"name":"wp","href":"https:\/\/api.w.org\/{rel}","templated":true}]}}