{"id":62522,"date":"2026-03-16T03:39:00","date_gmt":"2026-03-16T03:39:00","guid":{"rendered":"https:\/\/ciaoup.it\/?p=62522"},"modified":"2026-03-16T03:39:00","modified_gmt":"2026-03-16T03:39:00","slug":"la-guerra-agli-oscar-bardem-sul-palco-per-la-palestina-e-jimmy-kimmel-punge-trump","status":"publish","type":"post","link":"https:\/\/ciaoup.it\/?p=62522","title":{"rendered":"La guerra agli Oscar, Bardem sul palco per la Palestina e Jimmy Kimmel punge Trump"},"content":{"rendered":"<p> (Adnkronos) &#8211; Il tema della guerra non poteva restare fuori dagli Oscar 2026. Javier Bardem fa un appello per la &#8216;Palestina libera&#8217; sul palco, nel monologo di Conan O&#8217;Brien la guerra c&#8217;\u00e8 senza nominarla e Jimmy Kimmel omaggia i Paesi in cui si rischia la vita per la libert\u00e0 di parola, senza mancare di ironizzare su Donald Trump.\u00a0<\/p>\n<p>&#8220;No alla guerra. Palestina libera&#8221;. Questo l&#8217;appello di Javier Bardem, sul palco degli Oscar per annunciare il Miglior film internazionale. Sull&#8217;abito una spilletta con la scritta &#8216;No a la guerra&#8217; (&#8216;No alla guerra&#8217;) e una a sostegno della Palestina.\u00a0<\/p>\n<p>\n&#8220;Raccontare una storia che potrebbe costarti la vita per il solo fatto di raccontarla: questo \u00e8 vero coraggio. In quali Paesi si rischia la vita per la libert\u00e0 di parola?&#8221;, si chiede Jimmy Kimmel, comico e conduttore del &#8216;Jimmy Kimmel Live&#8217;, salito sul palco degli Oscar per premiare il Miglior cortometraggio documentario e il Miglior documentario. &#8220;Ci sono Paesi i cui leader non sostengono la libert\u00e0 di espressione. Non posso dire quali, non mi \u00e8 permesso. Diciamo solo la Corea del Nord&#8230;e la Cbs&#8221;. La battuta fa riferimento alla recente decisione dell&#8217;emittente radiotelevisiva di non permettere a &#8216;The Late Show With Stephen Colbert&#8217; di ospitare come ospite il deputato del Texas James Talarico, a causa di pressioni e minacce provenienti dalla Federal Communications Commission, come riportano i media internazionali.\u00a0<\/p>\n<p>&#8220;Fortunatamente per tutti noi esiste una comunit\u00e0 internazionale di registi dediti a dire la verit\u00e0, spesso correndo grandi rischi nel realizzare film che ci insegnano, che denunciano l&#8217;ingiustizia, che ci ispirano ad agire, e ci sono anche documentari in cui cammini per la Casa Bianca provando le scarpe&#8221;, ha aggiunto, lanciando una frecciatina al documentario &#8216;Melania&#8217;, che segue la First Lady nel periodo dei venti giorni che precedono il secondo insediamento presidenziale del marito Donald Trump. &#8220;Un uomo sar\u00e0 furioso che sua moglie non sia stata nominata&#8221;, ha aggiunto il comico e conduttore.\u00a0<\/p>\n<p>Kimmel, del resto, conosce bene la questione della libert\u00e0 di espressione: lo scorso anno era stato sospeso dall&#8217;Abc, scelta accolta favorevolemente da Trump. La sospensione era arrivata in seguito a una battuta del conduttore dopo l\u2019uccisione dell&#8217;attivista Charlie Kirk.\u00a0<\/p>\n<p>&#8220;L&#8217;anno scorso c\u2019erano gli incendi a Los Angeles, quest\u2019anno va tutto bene&#8221;, le parole del conduttore Conan O\u2019Brien nel monologo d&#8217;apertura agli Oscar, tra ironia e attualit\u00e0: &#8220;Va tutto bene&#8221; solo in apparenza, perch\u00e9 la guerra aleggia sugli Usa che per\u00f2 non nomina. Il comico la sfiora senza affrontarla direttamente. \u00a0<\/p>\n<p>Poi arriva l\u2019altro grande spettro del presente: l\u2019intelligenza artificiale. O\u2019Brien si presenta come &#8220;l\u2019ultimo essere umano a condurre gli Oscar&#8221;. E non manca un colpo anche a YouTube, la piattaforma dove la cerimonia sar\u00e0 trasmessa dal 2029.  Mentre ne parla, O\u2019Brien viene interrotto da una raffica di spot, trasformando le finte interruzioni in una gag sulla massiccia presenza pubblicitaria durante la visione dei video  sulla piattaforma.\u00a0<\/p>\n<p>\u00a0<\/p>\n<p>&#8212;<\/p>\n<p>spettacoli<\/p>\n<p>webinfo@adnkronos.com (Web Info)<\/p>\n<div style=\"display:flex; gap:10px;justify-content:center\" class=\"wps-pgfw-pdf-generate-icon__wrapper-frontend\">\n\t\t<a  href=\"https:\/\/ciaoup.it?action=genpdf&amp;id=62522\" class=\"pgfw-single-pdf-download-button\" ><img src=\"https:\/\/ciaoup.it\/wp-content\/plugins\/pdf-generator-for-wp\/admin\/src\/images\/PDF_Tray.svg\" title=\"Generate PDF\" style=\"width:auto; height:45px;\"><\/a>\n\t\t<\/div>","protected":false},"excerpt":{"rendered":"<p>(Adnkronos) &#8211; Il tema della guerra non poteva restare fuori dagli Oscar 2026. Javier Bardem&hellip;<\/p>\n","protected":false},"author":3,"featured_media":62523,"comment_status":"open","ping_status":"closed","sticky":false,"template":"","format":"standard","meta":{"footnotes":""},"categories":[12],"tags":[3],"class_list":["post-62522","post","type-post","status-publish","format-standard","has-post-thumbnail","hentry","category-comunicati","tag-ultimora"],"_links":{"self":[{"href":"https:\/\/ciaoup.it\/index.php?rest_route=\/wp\/v2\/posts\/62522","targetHints":{"allow":["GET"]}}],"collection":[{"href":"https:\/\/ciaoup.it\/index.php?rest_route=\/wp\/v2\/posts"}],"about":[{"href":"https:\/\/ciaoup.it\/index.php?rest_route=\/wp\/v2\/types\/post"}],"author":[{"embeddable":true,"href":"https:\/\/ciaoup.it\/index.php?rest_route=\/wp\/v2\/users\/3"}],"replies":[{"embeddable":true,"href":"https:\/\/ciaoup.it\/index.php?rest_route=%2Fwp%2Fv2%2Fcomments&post=62522"}],"version-history":[{"count":1,"href":"https:\/\/ciaoup.it\/index.php?rest_route=\/wp\/v2\/posts\/62522\/revisions"}],"predecessor-version":[{"id":62526,"href":"https:\/\/ciaoup.it\/index.php?rest_route=\/wp\/v2\/posts\/62522\/revisions\/62526"}],"wp:featuredmedia":[{"embeddable":true,"href":"https:\/\/ciaoup.it\/index.php?rest_route=\/wp\/v2\/media\/62523"}],"wp:attachment":[{"href":"https:\/\/ciaoup.it\/index.php?rest_route=%2Fwp%2Fv2%2Fmedia&parent=62522"}],"wp:term":[{"taxonomy":"category","embeddable":true,"href":"https:\/\/ciaoup.it\/index.php?rest_route=%2Fwp%2Fv2%2Fcategories&post=62522"},{"taxonomy":"post_tag","embeddable":true,"href":"https:\/\/ciaoup.it\/index.php?rest_route=%2Fwp%2Fv2%2Ftags&post=62522"}],"curies":[{"name":"wp","href":"https:\/\/api.w.org\/{rel}","templated":true}]}}