{"id":62438,"date":"2026-03-15T17:18:00","date_gmt":"2026-03-15T17:18:00","guid":{"rendered":"https:\/\/ciaoup.it\/?p=62438"},"modified":"2026-03-15T17:18:00","modified_gmt":"2026-03-15T17:18:00","slug":"mara-venier-gaffe-in-diretta-sente-squillare-il-telefono-ma","status":"publish","type":"post","link":"https:\/\/ciaoup.it\/?p=62438","title":{"rendered":"Mara Venier, gaffe in diretta: sente squillare il telefono ma&#8230;"},"content":{"rendered":"<p> (Adnkronos) &#8211;<br \/>\nGaffe di Mara Venier in diretta a Domenica In. Nel corso della puntata di oggi, domenica 15 marzo, la conduttrice stava intervistando Virginia Raffaele in occasione dell&#8217;uscita del film &#8216;Un bel giorno&#8217;, diretto da Fabio De Luigi, nelle sale dal 5 marzo. \u00a0<\/p>\n<p>Nel corso dell&#8217;intervista, \u00e8 stato mandato in onda il trailer del film. In una delle scene si sente squillare un telefono con la tipica suoneria dell&#8217;Iphone, lo stesso modello utilizzato da Mara Venier. \u00a0<\/p>\n<p>\u00a0<\/p>\n<p>\u00a0<\/p>\n<p>La conduttrice convinta che il suono provenisse dal suo telefono, ha lanciato uno sguardo smarrito verso il cellulare, quasi dispiaciuta di non aver messo in modalit\u00e0 silenziosa. \u00a0<\/p>\n<p>A farle notare l&#8217;equivoco \u00e8 stata Virginia Raffaele che \u00e8 scoppiata a ridere. &#8220;Ah ma \u00e8 nel film? Pensavo fosse il mio&#8221;, ha detto Mara Venier ridendo che solo in quel momento aveva capito che la suoneria faceva parte del trailer. \u00a0<\/p>\n<p>&#8212;<\/p>\n<p>spettacoli<\/p>\n<p>webinfo@adnkronos.com (Web Info)<\/p>\n<div style=\"display:flex; gap:10px;justify-content:center\" class=\"wps-pgfw-pdf-generate-icon__wrapper-frontend\">\n\t\t<a  href=\"https:\/\/ciaoup.it?action=genpdf&amp;id=62438\" class=\"pgfw-single-pdf-download-button\" ><img src=\"https:\/\/ciaoup.it\/wp-content\/plugins\/pdf-generator-for-wp\/admin\/src\/images\/PDF_Tray.svg\" title=\"Generate PDF\" style=\"width:auto; height:45px;\"><\/a>\n\t\t<\/div>","protected":false},"excerpt":{"rendered":"<p>(Adnkronos) &#8211; Gaffe di Mara Venier in diretta a Domenica In. Nel corso della puntata&hellip;<\/p>\n","protected":false},"author":3,"featured_media":62439,"comment_status":"open","ping_status":"closed","sticky":false,"template":"","format":"standard","meta":{"footnotes":""},"categories":[12],"tags":[3],"class_list":["post-62438","post","type-post","status-publish","format-standard","has-post-thumbnail","hentry","category-comunicati","tag-ultimora"],"_links":{"self":[{"href":"https:\/\/ciaoup.it\/index.php?rest_route=\/wp\/v2\/posts\/62438","targetHints":{"allow":["GET"]}}],"collection":[{"href":"https:\/\/ciaoup.it\/index.php?rest_route=\/wp\/v2\/posts"}],"about":[{"href":"https:\/\/ciaoup.it\/index.php?rest_route=\/wp\/v2\/types\/post"}],"author":[{"embeddable":true,"href":"https:\/\/ciaoup.it\/index.php?rest_route=\/wp\/v2\/users\/3"}],"replies":[{"embeddable":true,"href":"https:\/\/ciaoup.it\/index.php?rest_route=%2Fwp%2Fv2%2Fcomments&post=62438"}],"version-history":[{"count":1,"href":"https:\/\/ciaoup.it\/index.php?rest_route=\/wp\/v2\/posts\/62438\/revisions"}],"predecessor-version":[{"id":62445,"href":"https:\/\/ciaoup.it\/index.php?rest_route=\/wp\/v2\/posts\/62438\/revisions\/62445"}],"wp:featuredmedia":[{"embeddable":true,"href":"https:\/\/ciaoup.it\/index.php?rest_route=\/wp\/v2\/media\/62439"}],"wp:attachment":[{"href":"https:\/\/ciaoup.it\/index.php?rest_route=%2Fwp%2Fv2%2Fmedia&parent=62438"}],"wp:term":[{"taxonomy":"category","embeddable":true,"href":"https:\/\/ciaoup.it\/index.php?rest_route=%2Fwp%2Fv2%2Fcategories&post=62438"},{"taxonomy":"post_tag","embeddable":true,"href":"https:\/\/ciaoup.it\/index.php?rest_route=%2Fwp%2Fv2%2Ftags&post=62438"}],"curies":[{"name":"wp","href":"https:\/\/api.w.org\/{rel}","templated":true}]}}