{"id":62427,"date":"2026-03-15T16:55:54","date_gmt":"2026-03-15T16:55:54","guid":{"rendered":"https:\/\/ciaoup.it\/?p=62427"},"modified":"2026-03-15T16:55:54","modified_gmt":"2026-03-15T16:55:54","slug":"francesco-renga-su-ambra-angiolini-ci-siamo-fatti-male-ma-oggi-siamo-felici","status":"publish","type":"post","link":"https:\/\/ciaoup.it\/?p=62427","title":{"rendered":"Francesco Renga su Ambra Angiolini: &#8220;Ci siamo fatti male, ma oggi siamo felici&#8221;"},"content":{"rendered":"<p> (Adnkronos) &#8211; &#8220;Oggi siamo felici cos\u00ec&#8221;. Francesco Renga ospite oggi, domenica 15 marzo, a Verissimo \u00e8 tornato a parlare della sua precedente relazione con Ambra Angiolini, durata dal 2003 al 2015 e da cui sono nati due figli, Jolanda e Leonardo. \u00a0<\/p>\n<p>La relazione non si \u00e8 conclusa nel migliore dei modi, ma col tempo i due sono riusciti a istautrare un rapporto sincero, basato sulla stima reciproca e sull&#8217;amore che con gli anni si \u00e8 trasformato. &#8220;Ci siamo fatti male, ma \u00e8 giusto che le cose siano andate cos\u00ec&#8221;, ha raccontato. \u00a0<\/p>\n<p>&#8220;Il nostro &#8211; ha aggiunto Renga &#8211; \u00e8 un rapporto pi\u00f9 risolto di prima. Ognuno ha fatto i conti con il peggio di s\u00e8, e oggi quando parlo con Ambra riesco solo a portare il meglio di me e siamo felici cos\u00ec&#8221;.\u00a0<\/p>\n<p>E forse, ha raccontato Renga, la troppa esposizione mediatica \u00e8 stato uno dei motivi per cui le cose non sono andate come volevano. &#8220;Io ho sofferto subito questa cosa con Ambra&#8221;. \u00a0<\/p>\n<p>Il cantante ha raccontato quando agli inizi della loro frequentazione, spesso trovava i paparazzi sotto casa. Un aspetto della fama e del gossip con cui il cantante ha dovuto fare i conti. &#8220;Ambra era abituata a gestire i fotografi da quando ha 13 anni, lei \u00e8 bravissima. Io ero privo di strumenti, non sapevo come fare. Ancora oggi le chiedo consigli su come gestire certe situazioni&#8221;. \u00a0<\/p>\n<p>\u00a0\u00a0<\/p>\n<p>&#8212;<\/p>\n<p>spettacoli<\/p>\n<p>webinfo@adnkronos.com (Web Info)<\/p>\n<div style=\"display:flex; gap:10px;justify-content:center\" class=\"wps-pgfw-pdf-generate-icon__wrapper-frontend\">\n\t\t<a  href=\"https:\/\/ciaoup.it?action=genpdf&amp;id=62427\" class=\"pgfw-single-pdf-download-button\" ><img src=\"https:\/\/ciaoup.it\/wp-content\/plugins\/pdf-generator-for-wp\/admin\/src\/images\/PDF_Tray.svg\" title=\"Generate PDF\" style=\"width:auto; height:45px;\"><\/a>\n\t\t<\/div>","protected":false},"excerpt":{"rendered":"<p>(Adnkronos) &#8211; &#8220;Oggi siamo felici cos\u00ec&#8221;. Francesco Renga ospite oggi, domenica 15 marzo, a Verissimo&hellip;<\/p>\n","protected":false},"author":3,"featured_media":62428,"comment_status":"open","ping_status":"closed","sticky":false,"template":"","format":"standard","meta":{"footnotes":""},"categories":[12],"tags":[3],"class_list":["post-62427","post","type-post","status-publish","format-standard","has-post-thumbnail","hentry","category-comunicati","tag-ultimora"],"_links":{"self":[{"href":"https:\/\/ciaoup.it\/index.php?rest_route=\/wp\/v2\/posts\/62427","targetHints":{"allow":["GET"]}}],"collection":[{"href":"https:\/\/ciaoup.it\/index.php?rest_route=\/wp\/v2\/posts"}],"about":[{"href":"https:\/\/ciaoup.it\/index.php?rest_route=\/wp\/v2\/types\/post"}],"author":[{"embeddable":true,"href":"https:\/\/ciaoup.it\/index.php?rest_route=\/wp\/v2\/users\/3"}],"replies":[{"embeddable":true,"href":"https:\/\/ciaoup.it\/index.php?rest_route=%2Fwp%2Fv2%2Fcomments&post=62427"}],"version-history":[{"count":1,"href":"https:\/\/ciaoup.it\/index.php?rest_route=\/wp\/v2\/posts\/62427\/revisions"}],"predecessor-version":[{"id":62444,"href":"https:\/\/ciaoup.it\/index.php?rest_route=\/wp\/v2\/posts\/62427\/revisions\/62444"}],"wp:featuredmedia":[{"embeddable":true,"href":"https:\/\/ciaoup.it\/index.php?rest_route=\/wp\/v2\/media\/62428"}],"wp:attachment":[{"href":"https:\/\/ciaoup.it\/index.php?rest_route=%2Fwp%2Fv2%2Fmedia&parent=62427"}],"wp:term":[{"taxonomy":"category","embeddable":true,"href":"https:\/\/ciaoup.it\/index.php?rest_route=%2Fwp%2Fv2%2Fcategories&post=62427"},{"taxonomy":"post_tag","embeddable":true,"href":"https:\/\/ciaoup.it\/index.php?rest_route=%2Fwp%2Fv2%2Ftags&post=62427"}],"curies":[{"name":"wp","href":"https:\/\/api.w.org\/{rel}","templated":true}]}}