{"id":62421,"date":"2026-03-15T16:11:08","date_gmt":"2026-03-15T16:11:08","guid":{"rendered":"https:\/\/ciaoup.it\/?p=62421"},"modified":"2026-03-15T16:11:08","modified_gmt":"2026-03-15T16:11:08","slug":"vasco-rossi-la-mamma-novella-compie-gli-anni-la-dedica-social","status":"publish","type":"post","link":"https:\/\/ciaoup.it\/?p=62421","title":{"rendered":"Vasco Rossi, la mamma Novella compie gli anni: la dedica social"},"content":{"rendered":"<p> (Adnkronos) &#8211; &#8220;Ancora oggi \u00e8 una fanciulla&#8221;. Con queste parole Vasco Rossi festeggia sui social la mamma Novella che oggi compie gli anni. La rockstar di Zocca accompagna il buon &#8220;Kom-pleanno&#8221; per la mamma con foto della mamma ritratta in varie fasi della sua vita e con un video recente, in cui la donna si commuove dichiarando che la sua canzone preferita tra quelle del figlio \u00e8 &#8220;Ogni volta&#8221;: &#8220;Quando lui faceva i primi concerti &#8211; dice mamma Novella &#8211; delle fan mi telefonavano e mi dicevano che forse l&#8217;aveva scritta per il pap\u00e0, il Carlino. Allora glielo chiesi e lui mi disse: &#8216;l&#8217;ho scritta a Bologna, l&#8217;ho scritta tutta, musica e parole, in una notte molto triste&#8217;. Allora quando sento questa canzone mi commuovo&#8221;.  \u00a0<\/p>\n<p>\u00a0<\/p>\n<p>\u00a0<\/p>\n<p>&#8220;La parte pi\u00f9 importante di lei &#8211; commenta nel post Vasco &#8211; \u00e8 la sensibilit\u00e0. Ho avuto l\u2019infanzia serena e felice.. circondato da tanto amore. Mia mamma mi ha avuto quando era giovanissima, canticchiava sempre. E mi spingeva continuamente a cantare. Si divertiva con me, ero il suo &#8216;bambolotto&#8217;. Era vivace e anche un po\u2019 infantile. Ricordo che quando aveva 30 anni e io sette, le dicevo scherzando: &#8216;Quand\u2019\u00e8 che metti giudizio?&#8217; Ancora oggi \u00e8 una fanciulla&#8221;, conclude il Blasco.\u00a0<\/p>\n<p>&#8212;<\/p>\n<p>spettacoli<\/p>\n<p>webinfo@adnkronos.com (Web Info)<\/p>\n<div style=\"display:flex; gap:10px;justify-content:center\" class=\"wps-pgfw-pdf-generate-icon__wrapper-frontend\">\n\t\t<a  href=\"https:\/\/ciaoup.it?action=genpdf&amp;id=62421\" class=\"pgfw-single-pdf-download-button\" ><img src=\"https:\/\/ciaoup.it\/wp-content\/plugins\/pdf-generator-for-wp\/admin\/src\/images\/PDF_Tray.svg\" title=\"Generate PDF\" style=\"width:auto; height:45px;\"><\/a>\n\t\t<\/div>","protected":false},"excerpt":{"rendered":"<p>(Adnkronos) &#8211; &#8220;Ancora oggi \u00e8 una fanciulla&#8221;. Con queste parole Vasco Rossi festeggia sui social&hellip;<\/p>\n","protected":false},"author":3,"featured_media":62422,"comment_status":"open","ping_status":"closed","sticky":false,"template":"","format":"standard","meta":{"footnotes":""},"categories":[12],"tags":[3],"class_list":["post-62421","post","type-post","status-publish","format-standard","has-post-thumbnail","hentry","category-comunicati","tag-ultimora"],"_links":{"self":[{"href":"https:\/\/ciaoup.it\/index.php?rest_route=\/wp\/v2\/posts\/62421","targetHints":{"allow":["GET"]}}],"collection":[{"href":"https:\/\/ciaoup.it\/index.php?rest_route=\/wp\/v2\/posts"}],"about":[{"href":"https:\/\/ciaoup.it\/index.php?rest_route=\/wp\/v2\/types\/post"}],"author":[{"embeddable":true,"href":"https:\/\/ciaoup.it\/index.php?rest_route=\/wp\/v2\/users\/3"}],"replies":[{"embeddable":true,"href":"https:\/\/ciaoup.it\/index.php?rest_route=%2Fwp%2Fv2%2Fcomments&post=62421"}],"version-history":[{"count":1,"href":"https:\/\/ciaoup.it\/index.php?rest_route=\/wp\/v2\/posts\/62421\/revisions"}],"predecessor-version":[{"id":62434,"href":"https:\/\/ciaoup.it\/index.php?rest_route=\/wp\/v2\/posts\/62421\/revisions\/62434"}],"wp:featuredmedia":[{"embeddable":true,"href":"https:\/\/ciaoup.it\/index.php?rest_route=\/wp\/v2\/media\/62422"}],"wp:attachment":[{"href":"https:\/\/ciaoup.it\/index.php?rest_route=%2Fwp%2Fv2%2Fmedia&parent=62421"}],"wp:term":[{"taxonomy":"category","embeddable":true,"href":"https:\/\/ciaoup.it\/index.php?rest_route=%2Fwp%2Fv2%2Fcategories&post=62421"},{"taxonomy":"post_tag","embeddable":true,"href":"https:\/\/ciaoup.it\/index.php?rest_route=%2Fwp%2Fv2%2Ftags&post=62421"}],"curies":[{"name":"wp","href":"https:\/\/api.w.org\/{rel}","templated":true}]}}