{"id":62417,"date":"2026-03-15T15:45:00","date_gmt":"2026-03-15T15:45:00","guid":{"rendered":"https:\/\/ciaoup.it\/?p=62417"},"modified":"2026-03-15T15:45:00","modified_gmt":"2026-03-15T15:45:00","slug":"attacco-alla-base-di-ali-al-salem-in-kuwait-distrutto-un-drone-italiano-personale-illeso","status":"publish","type":"post","link":"https:\/\/ciaoup.it\/?p=62417","title":{"rendered":"Attacco alla base di Ali Al Salem in Kuwait: distrutto un drone italiano, personale illeso"},"content":{"rendered":"<p> (Adnkronos) &#8211;<br \/>\nUn attacco con drone ha colpito oggi, domenica 15 marzo, la base di Ali Al Salem, in Kuwait, che ospita personale e capacit\u00e0 militari statunitensi e italiane. Il velivolo senza pilota ha centrato uno shelter all\u2019interno del quale era custodito un drone della Task Force Air italiana, che \u00e8 andato completamente distrutto.\u00a0<\/p>\n<p>A comunicarlo \u00e8 il capo di Stato maggiore della Difesa, il generale Luciano Portolano, in una dichiarazione pubblicata su X dallo Stato maggiore della Difesa, riferendo di aver &#8220;immediatamente sentito il Colonnello Mangini per sincerarmi delle condizioni del personale italiano presente nella base. Al momento dell\u2019attacco tutto il personale era in sicurezza e non \u00e8 stato coinvolto. Dell\u2019accaduto ho prontamente informato il ministro della Difesa Crosetto, col quale sono in costante contatto per l\u2019aggiornamento continuo della situazione di tutti i nostri contingenti all\u2019estero&#8221;. \u00a0<\/p>\n<p>Lo Stato maggiore della Difesa ha spiegato che nei giorni scorsi il dispositivo della Task Force Air italiana era stato preventivamente alleggerito, nell\u2019ambito delle misure adottate alla luce dell\u2019evoluzione del quadro di sicurezza nell\u2019area. Il personale rimasto nella base \u00e8 impegnato esclusivamente nelle attivit\u00e0 essenziali della missione.\u00a0<\/p>\n<p>Il drone colpito rappresentava un assetto operativo importante per le attivit\u00e0 della missione ed era rimasto schierato nella base proprio per garantire la continuit\u00e0 delle operazioni. La situazione \u00e8 costantemente monitorata dal Capo di Stato maggiore della Difesa e dal Comando Operativo di Vertice Interforze, che mantengono un contatto continuo con i contingenti sul terreno.\u00a0<\/p>\n<p>&#8220;Non ci faremo intimorire da un drone, le nostre msisioni continuano. Non \u00e8 che arriva un drone e allora molliamo le nostre postazioni&#8221;, ha affermato Antonio Tajani, ministro degli Esteri, ospite &#8216;Diario della domenica&#8217; su rete4.\u00a0<\/p>\n<p>\u00a0<\/p>\n<p>&#8212;<\/p>\n<p>internazionale\/esteri<\/p>\n<p>webinfo@adnkronos.com (Web Info)<\/p>\n<div style=\"display:flex; gap:10px;justify-content:center\" class=\"wps-pgfw-pdf-generate-icon__wrapper-frontend\">\n\t\t<a  href=\"https:\/\/ciaoup.it?action=genpdf&amp;id=62417\" class=\"pgfw-single-pdf-download-button\" ><img src=\"https:\/\/ciaoup.it\/wp-content\/plugins\/pdf-generator-for-wp\/admin\/src\/images\/PDF_Tray.svg\" title=\"Generate PDF\" style=\"width:auto; height:45px;\"><\/a>\n\t\t<\/div>","protected":false},"excerpt":{"rendered":"<p>(Adnkronos) &#8211; Un attacco con drone ha colpito oggi, domenica 15 marzo, la base di&hellip;<\/p>\n","protected":false},"author":3,"featured_media":62418,"comment_status":"open","ping_status":"closed","sticky":false,"template":"","format":"standard","meta":{"footnotes":""},"categories":[12],"tags":[3],"class_list":["post-62417","post","type-post","status-publish","format-standard","has-post-thumbnail","hentry","category-comunicati","tag-ultimora"],"_links":{"self":[{"href":"https:\/\/ciaoup.it\/index.php?rest_route=\/wp\/v2\/posts\/62417","targetHints":{"allow":["GET"]}}],"collection":[{"href":"https:\/\/ciaoup.it\/index.php?rest_route=\/wp\/v2\/posts"}],"about":[{"href":"https:\/\/ciaoup.it\/index.php?rest_route=\/wp\/v2\/types\/post"}],"author":[{"embeddable":true,"href":"https:\/\/ciaoup.it\/index.php?rest_route=\/wp\/v2\/users\/3"}],"replies":[{"embeddable":true,"href":"https:\/\/ciaoup.it\/index.php?rest_route=%2Fwp%2Fv2%2Fcomments&post=62417"}],"version-history":[{"count":1,"href":"https:\/\/ciaoup.it\/index.php?rest_route=\/wp\/v2\/posts\/62417\/revisions"}],"predecessor-version":[{"id":62425,"href":"https:\/\/ciaoup.it\/index.php?rest_route=\/wp\/v2\/posts\/62417\/revisions\/62425"}],"wp:featuredmedia":[{"embeddable":true,"href":"https:\/\/ciaoup.it\/index.php?rest_route=\/wp\/v2\/media\/62418"}],"wp:attachment":[{"href":"https:\/\/ciaoup.it\/index.php?rest_route=%2Fwp%2Fv2%2Fmedia&parent=62417"}],"wp:term":[{"taxonomy":"category","embeddable":true,"href":"https:\/\/ciaoup.it\/index.php?rest_route=%2Fwp%2Fv2%2Fcategories&post=62417"},{"taxonomy":"post_tag","embeddable":true,"href":"https:\/\/ciaoup.it\/index.php?rest_route=%2Fwp%2Fv2%2Ftags&post=62417"}],"curies":[{"name":"wp","href":"https:\/\/api.w.org\/{rel}","templated":true}]}}