{"id":62398,"date":"2026-03-15T10:41:00","date_gmt":"2026-03-15T10:41:00","guid":{"rendered":"https:\/\/ciaoup.it\/?p=62398"},"modified":"2026-03-15T10:41:00","modified_gmt":"2026-03-15T10:41:00","slug":"rimini-bimba-di-4-anni-dimessa-dallospedale-muore-poche-ore-dopo","status":"publish","type":"post","link":"https:\/\/ciaoup.it\/?p=62398","title":{"rendered":"Rimini, bimba di 4 anni dimessa dall&#8217;ospedale muore poche ore dopo"},"content":{"rendered":"<p> (Adnkronos) &#8211; Una bambina di 4 anni \u00e8 morta all&#8217;ospedale Infermi di Rimini nella notte, dopo che era stata gi\u00e0 dimessa dall&#8217;ospedale. Come racconta il Resto del Carlino, la bimba, di nazionalit\u00e0 ucraina, era stata portata dai genitori alle 21.30 di venerd\u00ec all\u2019ambulatorio urgenze pediatriche dell\u2019ospedale di Rimini per una febbre comparsa intorno alle 18. La piccola presentava parametri vitali nella norma, cos\u00ec come la funzionalit\u00e0 cardiovascolare, polmonare, addominale e neurologica e tutti gli esami del sangue effettuati non avevano evidenziato una situazione di infezione tanto che, con la somministrazione di paracetamolo, la febbre era scesa rapidamente.\u00a0<\/p>\n<p>\u00a0<\/p>\n<p>Nonostante il miglioramento, la bambina era stata comunque trattenuta in osservazione per alcune ore, per essere dimessa intorno alle 00:45. Nella mattinata di ieri per\u00f2 un nuovo e inatteso peggioramento ha spinto i genitori a chiamare una ambulanza per portare nuovamente la bimba al pronto soccorso, dove la piccola \u00e8 arrivata intorno alle 6:35: l&#8217;intervento dei medici, fra cui un rianimatore e il pediatra, durato oltre un&#8217;ora, non ha potuto per\u00f2 nulla, e la piccola \u00e8 morta. \u00a0<\/p>\n<p>\u00a0<\/p>\n<p>Per capire cosa abbia provocato un peggioramento cos\u00ec repentino e analizzare le cause del decesso saranno effettuati tutti gli accertamenti necessari e non \u00e8 escluso che anche la procura possa chiedere l&#8217;autopsia sul corpo della bimba.\ufeff\u00a0<\/p>\n<p>&#8212;<\/p>\n<p>cronaca<\/p>\n<p>webinfo@adnkronos.com (Web Info)<\/p>\n<div style=\"display:flex; gap:10px;justify-content:center\" class=\"wps-pgfw-pdf-generate-icon__wrapper-frontend\">\n\t\t<a  href=\"https:\/\/ciaoup.it?action=genpdf&amp;id=62398\" class=\"pgfw-single-pdf-download-button\" ><img src=\"https:\/\/ciaoup.it\/wp-content\/plugins\/pdf-generator-for-wp\/admin\/src\/images\/PDF_Tray.svg\" title=\"Generate PDF\" style=\"width:auto; height:45px;\"><\/a>\n\t\t<\/div>","protected":false},"excerpt":{"rendered":"<p>(Adnkronos) &#8211; Una bambina di 4 anni \u00e8 morta all&#8217;ospedale Infermi di Rimini nella notte,&hellip;<\/p>\n","protected":false},"author":3,"featured_media":62399,"comment_status":"open","ping_status":"closed","sticky":false,"template":"","format":"standard","meta":{"footnotes":""},"categories":[12],"tags":[3],"class_list":["post-62398","post","type-post","status-publish","format-standard","has-post-thumbnail","hentry","category-comunicati","tag-ultimora"],"_links":{"self":[{"href":"https:\/\/ciaoup.it\/index.php?rest_route=\/wp\/v2\/posts\/62398","targetHints":{"allow":["GET"]}}],"collection":[{"href":"https:\/\/ciaoup.it\/index.php?rest_route=\/wp\/v2\/posts"}],"about":[{"href":"https:\/\/ciaoup.it\/index.php?rest_route=\/wp\/v2\/types\/post"}],"author":[{"embeddable":true,"href":"https:\/\/ciaoup.it\/index.php?rest_route=\/wp\/v2\/users\/3"}],"replies":[{"embeddable":true,"href":"https:\/\/ciaoup.it\/index.php?rest_route=%2Fwp%2Fv2%2Fcomments&post=62398"}],"version-history":[{"count":1,"href":"https:\/\/ciaoup.it\/index.php?rest_route=\/wp\/v2\/posts\/62398\/revisions"}],"predecessor-version":[{"id":62404,"href":"https:\/\/ciaoup.it\/index.php?rest_route=\/wp\/v2\/posts\/62398\/revisions\/62404"}],"wp:featuredmedia":[{"embeddable":true,"href":"https:\/\/ciaoup.it\/index.php?rest_route=\/wp\/v2\/media\/62399"}],"wp:attachment":[{"href":"https:\/\/ciaoup.it\/index.php?rest_route=%2Fwp%2Fv2%2Fmedia&parent=62398"}],"wp:term":[{"taxonomy":"category","embeddable":true,"href":"https:\/\/ciaoup.it\/index.php?rest_route=%2Fwp%2Fv2%2Fcategories&post=62398"},{"taxonomy":"post_tag","embeddable":true,"href":"https:\/\/ciaoup.it\/index.php?rest_route=%2Fwp%2Fv2%2Ftags&post=62398"}],"curies":[{"name":"wp","href":"https:\/\/api.w.org\/{rel}","templated":true}]}}