{"id":62364,"date":"2026-03-15T06:46:27","date_gmt":"2026-03-15T06:46:27","guid":{"rendered":"https:\/\/ciaoup.it\/?p=62364"},"modified":"2026-03-15T06:46:27","modified_gmt":"2026-03-15T06:46:27","slug":"paralimpiadi-milano-cortina-oggi-la-cerimonia-di-chiusura-orario-e-dove-vederla","status":"publish","type":"post","link":"https:\/\/ciaoup.it\/?p=62364","title":{"rendered":"Paralimpiadi Milano Cortina, oggi la cerimonia di chiusura: orario e dove vederla"},"content":{"rendered":"<p> (Adnkronos) &#8211; Il grande spettacolo volge al termine. Oggi, domenica 15 marzo, finiscono le Paralimpiadi di Milano Cortina 2026. A chiudere ufficialmente il grande evento sar\u00e0 la cerimonia di chiusura di stasera, al Cortina Curling Olympic Stadium. Si spegneranno cos\u00ec i bracieri Paralimpici a Milano e a Cortina, la bandiera paralimpica con gli Agitos verr\u00e0 ammainata e ci sar\u00e0 il passaggio di testimone con la Francia, prossimo Paese ospitante dei Giochi con l&#8217;edizione diffusa nelle Alpi Francesi del 2030. \u00a0<\/p>\n<p>La cerimonia di chiusura delle Paralimpiadi di Milano Cortina 2026 si svolger\u00e0 nel Curling Olympic Stadium di Cortina, che in questi giorni ha ospitato le gare di wheelchair curling. Inizier\u00e0 alle 20:30.\u00a0<\/p>\n<p>La Cerimonia di chisura dei Giochi Paralimpici Invernali di Milano Cortina 2026 \u00e8 trasmessa in diretta tv in Italia sui canali Rai e in streaming sulla piattaforma Rai Play.\u00a0<\/p>\n<p>&#8212;<\/p>\n<p>sport<\/p>\n<p>webinfo@adnkronos.com (Web Info)<\/p>\n<div style=\"display:flex; gap:10px;justify-content:center\" class=\"wps-pgfw-pdf-generate-icon__wrapper-frontend\">\n\t\t<a  href=\"https:\/\/ciaoup.it?action=genpdf&amp;id=62364\" class=\"pgfw-single-pdf-download-button\" ><img src=\"https:\/\/ciaoup.it\/wp-content\/plugins\/pdf-generator-for-wp\/admin\/src\/images\/PDF_Tray.svg\" title=\"Generate PDF\" style=\"width:auto; height:45px;\"><\/a>\n\t\t<\/div>","protected":false},"excerpt":{"rendered":"<p>(Adnkronos) &#8211; Il grande spettacolo volge al termine. Oggi, domenica 15 marzo, finiscono le Paralimpiadi&hellip;<\/p>\n","protected":false},"author":3,"featured_media":62365,"comment_status":"open","ping_status":"closed","sticky":false,"template":"","format":"standard","meta":{"footnotes":""},"categories":[12],"tags":[3],"class_list":["post-62364","post","type-post","status-publish","format-standard","has-post-thumbnail","hentry","category-comunicati","tag-ultimora"],"_links":{"self":[{"href":"https:\/\/ciaoup.it\/index.php?rest_route=\/wp\/v2\/posts\/62364","targetHints":{"allow":["GET"]}}],"collection":[{"href":"https:\/\/ciaoup.it\/index.php?rest_route=\/wp\/v2\/posts"}],"about":[{"href":"https:\/\/ciaoup.it\/index.php?rest_route=\/wp\/v2\/types\/post"}],"author":[{"embeddable":true,"href":"https:\/\/ciaoup.it\/index.php?rest_route=\/wp\/v2\/users\/3"}],"replies":[{"embeddable":true,"href":"https:\/\/ciaoup.it\/index.php?rest_route=%2Fwp%2Fv2%2Fcomments&post=62364"}],"version-history":[{"count":1,"href":"https:\/\/ciaoup.it\/index.php?rest_route=\/wp\/v2\/posts\/62364\/revisions"}],"predecessor-version":[{"id":62378,"href":"https:\/\/ciaoup.it\/index.php?rest_route=\/wp\/v2\/posts\/62364\/revisions\/62378"}],"wp:featuredmedia":[{"embeddable":true,"href":"https:\/\/ciaoup.it\/index.php?rest_route=\/wp\/v2\/media\/62365"}],"wp:attachment":[{"href":"https:\/\/ciaoup.it\/index.php?rest_route=%2Fwp%2Fv2%2Fmedia&parent=62364"}],"wp:term":[{"taxonomy":"category","embeddable":true,"href":"https:\/\/ciaoup.it\/index.php?rest_route=%2Fwp%2Fv2%2Fcategories&post=62364"},{"taxonomy":"post_tag","embeddable":true,"href":"https:\/\/ciaoup.it\/index.php?rest_route=%2Fwp%2Fv2%2Ftags&post=62364"}],"curies":[{"name":"wp","href":"https:\/\/api.w.org\/{rel}","templated":true}]}}