{"id":62358,"date":"2026-03-15T06:50:07","date_gmt":"2026-03-15T06:50:07","guid":{"rendered":"https:\/\/ciaoup.it\/?p=62358"},"modified":"2026-03-15T06:50:07","modified_gmt":"2026-03-15T06:50:07","slug":"verissimo-oggi-domenica-15-marzo-gli-ospiti-e-il-ricordo-di-bonaccorti","status":"publish","type":"post","link":"https:\/\/ciaoup.it\/?p=62358","title":{"rendered":"Verissimo, oggi domenica 15 marzo: gli ospiti e il ricordo di Bonaccorti"},"content":{"rendered":"<p> (Adnkronos) &#8211;<br \/>\nVerissimo torna oggi, domenica 15 marzo, con il secondo appuntamento del weekend. Silvia Toffanin ricorder\u00e0 Enrica Bonaccorti, riproponendo la sua ultima intervista rilasciata lo scorso 25 gennaio.\u00a0<\/p>\n<p>Tra gli ospiti di oggi, Ilary Blasi, che da marted\u00ec 17 marzo torner\u00e0 su Canale 5 alla guida della nuova edizione di Grande Fratello Vip. Pronta per entrare come concorrente nella casa pi\u00f9 spiata d\u2019Italia, sar\u00e0 in studio anche Antonella Elia.\u00a0<\/p>\n<p>E poi, intervista-ritratto per Patty Pravo, icona della musica italiana, con 60 anni di carriera. Con la sua energia, spazio anche alla musica e al percorso di Elettra Lamborghini e alla sensibilit\u00e0 artistica di Francesco Renga.\u00a0<\/p>\n<p>Infine, saranno ospiti Patrizia Mercolino, con il marito Antonio e il loro avvocato Francesco Petruzzi per un aggiornamento sulla perdita del loro piccolo Domenico, scomparso a febbraio all\u2019ospedale Monaldi di Napoli, in seguito a un trapianto di cuore.\u00a0<\/p>\n<p>&#8212;<\/p>\n<p>spettacoli<\/p>\n<p>webinfo@adnkronos.com (Web Info)<\/p>\n<div style=\"display:flex; gap:10px;justify-content:center\" class=\"wps-pgfw-pdf-generate-icon__wrapper-frontend\">\n\t\t<a  href=\"https:\/\/ciaoup.it?action=genpdf&amp;id=62358\" class=\"pgfw-single-pdf-download-button\" ><img src=\"https:\/\/ciaoup.it\/wp-content\/plugins\/pdf-generator-for-wp\/admin\/src\/images\/PDF_Tray.svg\" title=\"Generate PDF\" style=\"width:auto; height:45px;\"><\/a>\n\t\t<\/div>","protected":false},"excerpt":{"rendered":"<p>(Adnkronos) &#8211; Verissimo torna oggi, domenica 15 marzo, con il secondo appuntamento del weekend. Silvia&hellip;<\/p>\n","protected":false},"author":3,"featured_media":62359,"comment_status":"open","ping_status":"closed","sticky":false,"template":"","format":"standard","meta":{"footnotes":""},"categories":[12],"tags":[3],"class_list":["post-62358","post","type-post","status-publish","format-standard","has-post-thumbnail","hentry","category-comunicati","tag-ultimora"],"_links":{"self":[{"href":"https:\/\/ciaoup.it\/index.php?rest_route=\/wp\/v2\/posts\/62358","targetHints":{"allow":["GET"]}}],"collection":[{"href":"https:\/\/ciaoup.it\/index.php?rest_route=\/wp\/v2\/posts"}],"about":[{"href":"https:\/\/ciaoup.it\/index.php?rest_route=\/wp\/v2\/types\/post"}],"author":[{"embeddable":true,"href":"https:\/\/ciaoup.it\/index.php?rest_route=\/wp\/v2\/users\/3"}],"replies":[{"embeddable":true,"href":"https:\/\/ciaoup.it\/index.php?rest_route=%2Fwp%2Fv2%2Fcomments&post=62358"}],"version-history":[{"count":1,"href":"https:\/\/ciaoup.it\/index.php?rest_route=\/wp\/v2\/posts\/62358\/revisions"}],"predecessor-version":[{"id":62381,"href":"https:\/\/ciaoup.it\/index.php?rest_route=\/wp\/v2\/posts\/62358\/revisions\/62381"}],"wp:featuredmedia":[{"embeddable":true,"href":"https:\/\/ciaoup.it\/index.php?rest_route=\/wp\/v2\/media\/62359"}],"wp:attachment":[{"href":"https:\/\/ciaoup.it\/index.php?rest_route=%2Fwp%2Fv2%2Fmedia&parent=62358"}],"wp:term":[{"taxonomy":"category","embeddable":true,"href":"https:\/\/ciaoup.it\/index.php?rest_route=%2Fwp%2Fv2%2Fcategories&post=62358"},{"taxonomy":"post_tag","embeddable":true,"href":"https:\/\/ciaoup.it\/index.php?rest_route=%2Fwp%2Fv2%2Ftags&post=62358"}],"curies":[{"name":"wp","href":"https:\/\/api.w.org\/{rel}","templated":true}]}}