{"id":62327,"date":"2026-03-14T23:06:26","date_gmt":"2026-03-14T23:06:26","guid":{"rendered":"https:\/\/ciaoup.it\/?p=62327"},"modified":"2026-03-14T23:06:26","modified_gmt":"2026-03-14T23:06:26","slug":"oscar-2026-attore-palestinese-motaz-malhees-non-ci-sara-non-mi-e-permesso-entrare-negli-stati-uniti","status":"publish","type":"post","link":"https:\/\/ciaoup.it\/?p=62327","title":{"rendered":"Oscar 2026, attore palestinese Motaz Malhees non ci sar\u00e0: &#8220;Non mi \u00e8 permesso entrare negli Stati Uniti&#8221;"},"content":{"rendered":"<p> (Adnkronos) &#8211;<br \/>\nMotaz Malhees non sar\u00e0 presente alla cerimonia degli Oscar 2026, in programma il domani 15 marzo. L&#8217;attore &#8211; tra i protagonisti del film &#8216;La voce di Hind Rajab&#8217; (candidato a Miglior film internazionale) di Kaouther Ben Hania &#8211; ha pubblicato un post su Instagram in cui annuncia che non gli &#8220;\u00e8 permesso entrare negli Stati Uniti perch\u00e9 sono un cittadino palestinese. Fa male ma questa \u00e8 la verit\u00e0&#8221;, scrive l&#8217;attore, che sottolinea: &#8220;Puoi bloccare un passaporto, ma non una voce. Sono palestinese e resto in piedi con orgoglio e dignit\u00e0. Sar\u00f2 l\u00ec con lo spirito. La nostra storia \u00e8 pi\u00f9 grande di ogni ostacolo e verr\u00e0 ascoltata&#8221;. \u00a0<\/p>\n<p>Vincitore del Leone d\u2019Argento all\u201982esima Mostra del Cinema di Venezia, &#8216;La voce di Hind Rajab&#8217;  riporta lo spettatore al 29 gennaio 2024, quando i volontari della Mezzaluna Rossa ricevono una chiamata di emergenza. Una bambina di sei anni \u00e8 intrappolata in un\u2019auto sotto attacco a Gaza e implora di essere salvata. Mentre cercano di tenerla al telefono, i soccorritori fanno tutto il possibile per farle arrivare un\u2019ambulanza. Il suo nome era Hind Rajab. La proiezione a Venezia \u00e8 stata accolta da oltre venti minuti di applausi, con un impatto fortissimo sulla platea anche grazie alla scelta della regista tunisina di utilizzare la vera registrazione della telefonata.\u00a0<\/p>\n<p>&#8212;<\/p>\n<p>spettacoli<\/p>\n<p>webinfo@adnkronos.com (Web Info)<\/p>\n<div style=\"display:flex; gap:10px;justify-content:center\" class=\"wps-pgfw-pdf-generate-icon__wrapper-frontend\">\n\t\t<a  href=\"https:\/\/ciaoup.it?action=genpdf&amp;id=62327\" class=\"pgfw-single-pdf-download-button\" ><img src=\"https:\/\/ciaoup.it\/wp-content\/plugins\/pdf-generator-for-wp\/admin\/src\/images\/PDF_Tray.svg\" title=\"Generate PDF\" style=\"width:auto; height:45px;\"><\/a>\n\t\t<\/div>","protected":false},"excerpt":{"rendered":"<p>(Adnkronos) &#8211; Motaz Malhees non sar\u00e0 presente alla cerimonia degli Oscar 2026, in programma il&hellip;<\/p>\n","protected":false},"author":3,"featured_media":62328,"comment_status":"open","ping_status":"closed","sticky":false,"template":"","format":"standard","meta":{"footnotes":""},"categories":[12],"tags":[3],"class_list":["post-62327","post","type-post","status-publish","format-standard","has-post-thumbnail","hentry","category-comunicati","tag-ultimora"],"_links":{"self":[{"href":"https:\/\/ciaoup.it\/index.php?rest_route=\/wp\/v2\/posts\/62327","targetHints":{"allow":["GET"]}}],"collection":[{"href":"https:\/\/ciaoup.it\/index.php?rest_route=\/wp\/v2\/posts"}],"about":[{"href":"https:\/\/ciaoup.it\/index.php?rest_route=\/wp\/v2\/types\/post"}],"author":[{"embeddable":true,"href":"https:\/\/ciaoup.it\/index.php?rest_route=\/wp\/v2\/users\/3"}],"replies":[{"embeddable":true,"href":"https:\/\/ciaoup.it\/index.php?rest_route=%2Fwp%2Fv2%2Fcomments&post=62327"}],"version-history":[{"count":1,"href":"https:\/\/ciaoup.it\/index.php?rest_route=\/wp\/v2\/posts\/62327\/revisions"}],"predecessor-version":[{"id":62335,"href":"https:\/\/ciaoup.it\/index.php?rest_route=\/wp\/v2\/posts\/62327\/revisions\/62335"}],"wp:featuredmedia":[{"embeddable":true,"href":"https:\/\/ciaoup.it\/index.php?rest_route=\/wp\/v2\/media\/62328"}],"wp:attachment":[{"href":"https:\/\/ciaoup.it\/index.php?rest_route=%2Fwp%2Fv2%2Fmedia&parent=62327"}],"wp:term":[{"taxonomy":"category","embeddable":true,"href":"https:\/\/ciaoup.it\/index.php?rest_route=%2Fwp%2Fv2%2Fcategories&post=62327"},{"taxonomy":"post_tag","embeddable":true,"href":"https:\/\/ciaoup.it\/index.php?rest_route=%2Fwp%2Fv2%2Ftags&post=62327"}],"curies":[{"name":"wp","href":"https:\/\/api.w.org\/{rel}","templated":true}]}}