{"id":62307,"date":"2026-03-14T20:59:54","date_gmt":"2026-03-14T20:59:54","guid":{"rendered":"https:\/\/ciaoup.it\/?p=62307"},"modified":"2026-03-14T20:59:54","modified_gmt":"2026-03-14T20:59:54","slug":"bassetti-derubato-in-centro-a-milano-lo-sfogo-sui-social-citta-difficile-e-piena-di-brutta-gente","status":"publish","type":"post","link":"https:\/\/ciaoup.it\/?p=62307","title":{"rendered":"Bassetti derubato in centro a Milano, lo sfogo sui social: &#8220;Citt\u00e0 difficile e piena di brutta gente&#8221;"},"content":{"rendered":"<p> (Adnkronos) &#8211; L&#8217;infettivologo Matteo Bassetti denuncia sui social di essere stato derubato in pieno centro a Milano. &#8220;Serata a Milano, stiamo rientrando a Genova e abbiamo trovato la macchina scassinata &#8211; spiega in un video su Instagram &#8211; Siamo andati a cena e ci hanno rubato la roba che avevamo in auto. Questa \u00e8 Milano nel 2026&#8221;. \u00a0<\/p>\n<p>Bassetti racconta della serata trascorsa in viale Majno, in pieno centro, &#8220;e Milano &#8211; dice ironicamente &#8211; ci ha riservato questa bellissima sorpresa. Grazie Milano, questa \u00e8 la sicurezza della citt\u00e0, in pieno centro macchina svaligiata: \u00e8 bello venire a trovarvi e trovare questa delinquenza. Hanno rubato due valigie, con dentro dei vestiti e un paio di scarpe, la  macchina era tutta fuori posto&#8230; Probabilmente hanno usato un telecomando che ha aperto l&#8217;auto. Quindi &#8211; si raccomanda &#8211; attenzione&#8221;. \u00a0<\/p>\n<p>Poi l&#8217;amaro sfogo velato di ironia: &#8220;Questa \u00e8 Milano oggi. Bisogna fare i complimenti a chi la gestisce, a chi gestisce la sicurezza in questa citt\u00e0. Dispiace, \u00e8 bene che tutti sappiano come \u00e8 oggi la citt\u00e0&#8221;. Una &#8220;citt\u00e0 difficile e piena di delinquenza e brutta gente. Un brutto esempio per il nostro paese&#8221;.\u00a0<\/p>\n<p>&#8212;<\/p>\n<p>cronaca<\/p>\n<p>webinfo@adnkronos.com (Web Info)<\/p>\n<div style=\"display:flex; gap:10px;justify-content:center\" class=\"wps-pgfw-pdf-generate-icon__wrapper-frontend\">\n\t\t<a  href=\"https:\/\/ciaoup.it?action=genpdf&amp;id=62307\" class=\"pgfw-single-pdf-download-button\" ><img src=\"https:\/\/ciaoup.it\/wp-content\/plugins\/pdf-generator-for-wp\/admin\/src\/images\/PDF_Tray.svg\" title=\"Generate PDF\" style=\"width:auto; height:45px;\"><\/a>\n\t\t<\/div>","protected":false},"excerpt":{"rendered":"<p>(Adnkronos) &#8211; L&#8217;infettivologo Matteo Bassetti denuncia sui social di essere stato derubato in pieno centro&hellip;<\/p>\n","protected":false},"author":3,"featured_media":62308,"comment_status":"open","ping_status":"closed","sticky":false,"template":"","format":"standard","meta":{"footnotes":""},"categories":[12],"tags":[3],"class_list":["post-62307","post","type-post","status-publish","format-standard","has-post-thumbnail","hentry","category-comunicati","tag-ultimora"],"_links":{"self":[{"href":"https:\/\/ciaoup.it\/index.php?rest_route=\/wp\/v2\/posts\/62307","targetHints":{"allow":["GET"]}}],"collection":[{"href":"https:\/\/ciaoup.it\/index.php?rest_route=\/wp\/v2\/posts"}],"about":[{"href":"https:\/\/ciaoup.it\/index.php?rest_route=\/wp\/v2\/types\/post"}],"author":[{"embeddable":true,"href":"https:\/\/ciaoup.it\/index.php?rest_route=\/wp\/v2\/users\/3"}],"replies":[{"embeddable":true,"href":"https:\/\/ciaoup.it\/index.php?rest_route=%2Fwp%2Fv2%2Fcomments&post=62307"}],"version-history":[{"count":1,"href":"https:\/\/ciaoup.it\/index.php?rest_route=\/wp\/v2\/posts\/62307\/revisions"}],"predecessor-version":[{"id":62310,"href":"https:\/\/ciaoup.it\/index.php?rest_route=\/wp\/v2\/posts\/62307\/revisions\/62310"}],"wp:featuredmedia":[{"embeddable":true,"href":"https:\/\/ciaoup.it\/index.php?rest_route=\/wp\/v2\/media\/62308"}],"wp:attachment":[{"href":"https:\/\/ciaoup.it\/index.php?rest_route=%2Fwp%2Fv2%2Fmedia&parent=62307"}],"wp:term":[{"taxonomy":"category","embeddable":true,"href":"https:\/\/ciaoup.it\/index.php?rest_route=%2Fwp%2Fv2%2Fcategories&post=62307"},{"taxonomy":"post_tag","embeddable":true,"href":"https:\/\/ciaoup.it\/index.php?rest_route=%2Fwp%2Fv2%2Ftags&post=62307"}],"curies":[{"name":"wp","href":"https:\/\/api.w.org\/{rel}","templated":true}]}}