{"id":62270,"date":"2026-03-14T18:26:58","date_gmt":"2026-03-14T18:26:58","guid":{"rendered":"https:\/\/ciaoup.it\/?p=62270"},"modified":"2026-03-14T18:26:58","modified_gmt":"2026-03-14T18:26:58","slug":"napoli-lecce-la-madre-di-domenico-al-maradona-ti-amo-piccolo-mio","status":"publish","type":"post","link":"https:\/\/ciaoup.it\/?p=62270","title":{"rendered":"Napoli-Lecce, la madre di Domenico al Maradona: &#8220;Ti amo piccolo mio&#8221;"},"content":{"rendered":"<p> (Adnkronos) &#8211; La vicenda di Domenico, nelle ultime settimane, ha commosso tutta Italia. E oggi, sabato, 14 marzo, la storia del piccolo morto a 2 anni all&#8217;Ospedale Monaldi dopo un trapianto di cuore (QUI LA VICENDA) \u00e8 arrivata anche allo stadio Diego Armando Maradona, prima di Napoli-Lecce di Serie A.\u00a0<\/p>\n<p>Sua madre Patrizia \u00e8 stata accolta dai calorosi applausi dei tifosi presenti e ha poi preso la parola dal centto del campo: &#8220;Se oggi sono qui, al centro di questo stadio, lo devo solo alla vostra vicinanza. Voi che avete sperato e pianto con noi, mi dite che dobbiamo fare qualcosa, che il dolore va trasformato in forza. Non \u00e8 facile, ma in qualche modo ve lo dobbiamo. Cos\u00ec stiamo cercando di diventare una fondazione che possa assistere chi si trova in situazioni simili alla nostra. Prima, durante e dopo&#8221;. \u00a0<\/p>\n<p>\nMamma Patrizia\u00a0Mercolino poi ha lanciato un appello, ricevendo un virtuale abbraccio dallo stadio: &#8220;Aiutateci a creare questa Fondazione. Lo vogliamo per voi, per noi e per Domenico, che mi vede da lass\u00f9 e magari sar\u00e0 orgoglioso di questa mamma distrutta e che si sente cos\u00ec in colpa. Ti amo piccolo mio, ti amer\u00f2 sempre. Grazie mille a tutti&#8221;.\u00a0<\/p>\n<p>&#8212;<\/p>\n<p>sport<\/p>\n<p>webinfo@adnkronos.com (Web Info)<\/p>\n<div style=\"display:flex; gap:10px;justify-content:center\" class=\"wps-pgfw-pdf-generate-icon__wrapper-frontend\">\n\t\t<a  href=\"https:\/\/ciaoup.it?action=genpdf&amp;id=62270\" class=\"pgfw-single-pdf-download-button\" ><img src=\"https:\/\/ciaoup.it\/wp-content\/plugins\/pdf-generator-for-wp\/admin\/src\/images\/PDF_Tray.svg\" title=\"Generate PDF\" style=\"width:auto; height:45px;\"><\/a>\n\t\t<\/div>","protected":false},"excerpt":{"rendered":"<p>(Adnkronos) &#8211; La vicenda di Domenico, nelle ultime settimane, ha commosso tutta Italia. E oggi,&hellip;<\/p>\n","protected":false},"author":3,"featured_media":62271,"comment_status":"open","ping_status":"closed","sticky":false,"template":"","format":"standard","meta":{"footnotes":""},"categories":[12],"tags":[3],"class_list":["post-62270","post","type-post","status-publish","format-standard","has-post-thumbnail","hentry","category-comunicati","tag-ultimora"],"_links":{"self":[{"href":"https:\/\/ciaoup.it\/index.php?rest_route=\/wp\/v2\/posts\/62270","targetHints":{"allow":["GET"]}}],"collection":[{"href":"https:\/\/ciaoup.it\/index.php?rest_route=\/wp\/v2\/posts"}],"about":[{"href":"https:\/\/ciaoup.it\/index.php?rest_route=\/wp\/v2\/types\/post"}],"author":[{"embeddable":true,"href":"https:\/\/ciaoup.it\/index.php?rest_route=\/wp\/v2\/users\/3"}],"replies":[{"embeddable":true,"href":"https:\/\/ciaoup.it\/index.php?rest_route=%2Fwp%2Fv2%2Fcomments&post=62270"}],"version-history":[{"count":1,"href":"https:\/\/ciaoup.it\/index.php?rest_route=\/wp\/v2\/posts\/62270\/revisions"}],"predecessor-version":[{"id":62283,"href":"https:\/\/ciaoup.it\/index.php?rest_route=\/wp\/v2\/posts\/62270\/revisions\/62283"}],"wp:featuredmedia":[{"embeddable":true,"href":"https:\/\/ciaoup.it\/index.php?rest_route=\/wp\/v2\/media\/62271"}],"wp:attachment":[{"href":"https:\/\/ciaoup.it\/index.php?rest_route=%2Fwp%2Fv2%2Fmedia&parent=62270"}],"wp:term":[{"taxonomy":"category","embeddable":true,"href":"https:\/\/ciaoup.it\/index.php?rest_route=%2Fwp%2Fv2%2Fcategories&post=62270"},{"taxonomy":"post_tag","embeddable":true,"href":"https:\/\/ciaoup.it\/index.php?rest_route=%2Fwp%2Fv2%2Ftags&post=62270"}],"curies":[{"name":"wp","href":"https:\/\/api.w.org\/{rel}","templated":true}]}}