{"id":62220,"date":"2026-03-14T14:53:42","date_gmt":"2026-03-14T14:53:42","guid":{"rendered":"https:\/\/ciaoup.it\/?p=62220"},"modified":"2026-03-14T14:53:42","modified_gmt":"2026-03-14T14:53:42","slug":"biennale-arte-salvini-giuli-sbaglia-e-ente-autonomo","status":"publish","type":"post","link":"https:\/\/ciaoup.it\/?p=62220","title":{"rendered":"Biennale Arte, Salvini: &#8220;Giuli sbaglia, \u00e8 ente autonomo&#8221;"},"content":{"rendered":"<p> (Adnkronos) &#8211; Il ministro della Cultura, Alessandro Giuli, &#8220;sbaglia perch\u00e9 la Biennale \u00e8 un ente straordinario e autonomo cos\u00ec come sbagliava chi non voleva alcune bandiere, alcuni atleti alle paralimpiadi. Secondo me lo sport, l&#8217;arte, la cultura, la musica, il teatro, il cinema avvicinano, almeno su quello non dovrebbe esserci un conflitto&#8221;. Lo dice il vicepremier e leader della Lega, Matteo Salvini, parlando con i cronisti a Ponte Milvio dove il partito ha allestito uno dei 1500 gazebo per il s\u00ec al referendum, a proposito delle polemiche sul padiglione della Russia alla prossima Biennale Arte di Venezia.\u00a0<\/p>\n<p>Ieri il ministro Giuli ha avuto un colloquio con la viceprima ministra e ministra della Cultura d\u2019Ucraina, Tetyana Berezhna. Il ministro Giuli, si legge in una nota, &#8220;ha ribadito l\u2019impegno del governo italiano per la Tutela dell\u2019identit\u00e0 culturale ucraina minacciata da oltre quattro anni a causa dell\u2019invasione russa e ha riconfermato il suo personale contributo e quello del governo nella ricostruzione del patrimonio culturale ucraino&#8221;. Il  ministro ha inoltre evidenziato che la Fondazione Biennale &#8220;ha preso le sue decisioni in totale autonomia dal governo e che sono in corso accertamenti accurati sulla compatibilit\u00e0 della annunciata partecipazione russa con gli obblighi derivanti dal vigente regime sanzionatorio&#8221;.\u00a0<\/p>\n<p>Il ministero della Cultura ha chiesto alla Fondazione La Biennale di Venezia di fornire, con la massima urgenza, elementi in merito alla partecipazione della Federazione Russa alla 61\/a Esposizione Internazionale d&#8217;Arte, con particolare riferimento alle modalit\u00e0 di allestimento e di gestione del Padiglione e alla loro compatibilit\u00e0 con il regime sanzionatorio in vigore. &#8220;Al fine di chiarire i termini della partecipazione nazionale alla Biennale 2026&#8221;, il MiC &#8220;ha richiesto copia integrale della corrispondenza fra la Fondazione e le autorit\u00e0 russe, finalizzata alla definizione degli assetti organizzativi e gestionali della presenza della Federazione Russa a Venezia&#8221;, si legge in un comunicato del MiC.\u00a0<\/p>\n<p>La vicenda anima il dibattito politico. Il Movimento Cinque Stelle ha chiesto a &#8220;Giuli di venire in Parlamento a riferire sul caos che da giorni \u00e8 scoppiato attorno alla partecipazione della Russia alla Biennale di Venezia &#8211; afferma il capogruppo M5S al Senato, Luca Pirondini &#8211; Quello che sta andando in scena \u00e8 uno scontro ideologico indecoroso dentro la destra sulla pelle di una delle istituzioni culturali pi\u00f9 prestigiose al mondo. Le notizie di queste ore parlano di verifiche, indagini e richieste di documenti alla Fondazione, ma anche di un colloquio tra Giuli e la ministra della cultura dell&#8217;Ucraina: sono solo alcuni degli aspetti su cui Giuli ha il dovere di informare il Parlamento. Noi continuiamo a pensare che la strada indicata dal presidente Pietrangelo Buttafuoco con la Biennale della tregua sia quella giusta: usare la cultura come spazio di dialogo, non come arma politica. Per il M5S il principio resta semplice: l&#8217;arte non si censura. Chiederemo anche l&#8217;audizione di Buttafuoco, per ascoltare direttamente la sua versione su quanto sta accadendo in questi giorni e capire come difendere l&#8217;autonomia e il prestigio internazionale della Biennale&#8221;.\u00a0<\/p>\n<p>\ufeff\u00a0<\/p>\n<p>&#8212;<\/p>\n<p>politica<\/p>\n<p>webinfo@adnkronos.com (Web Info)<\/p>\n<div style=\"display:flex; gap:10px;justify-content:center\" class=\"wps-pgfw-pdf-generate-icon__wrapper-frontend\">\n\t\t<a  href=\"https:\/\/ciaoup.it?action=genpdf&amp;id=62220\" class=\"pgfw-single-pdf-download-button\" ><img src=\"https:\/\/ciaoup.it\/wp-content\/plugins\/pdf-generator-for-wp\/admin\/src\/images\/PDF_Tray.svg\" title=\"Generate PDF\" style=\"width:auto; height:45px;\"><\/a>\n\t\t<\/div>","protected":false},"excerpt":{"rendered":"<p>(Adnkronos) &#8211; Il ministro della Cultura, Alessandro Giuli, &#8220;sbaglia perch\u00e9 la Biennale \u00e8 un ente&hellip;<\/p>\n","protected":false},"author":3,"featured_media":62221,"comment_status":"open","ping_status":"closed","sticky":false,"template":"","format":"standard","meta":{"footnotes":""},"categories":[12],"tags":[3],"class_list":["post-62220","post","type-post","status-publish","format-standard","has-post-thumbnail","hentry","category-comunicati","tag-ultimora"],"_links":{"self":[{"href":"https:\/\/ciaoup.it\/index.php?rest_route=\/wp\/v2\/posts\/62220","targetHints":{"allow":["GET"]}}],"collection":[{"href":"https:\/\/ciaoup.it\/index.php?rest_route=\/wp\/v2\/posts"}],"about":[{"href":"https:\/\/ciaoup.it\/index.php?rest_route=\/wp\/v2\/types\/post"}],"author":[{"embeddable":true,"href":"https:\/\/ciaoup.it\/index.php?rest_route=\/wp\/v2\/users\/3"}],"replies":[{"embeddable":true,"href":"https:\/\/ciaoup.it\/index.php?rest_route=%2Fwp%2Fv2%2Fcomments&post=62220"}],"version-history":[{"count":1,"href":"https:\/\/ciaoup.it\/index.php?rest_route=\/wp\/v2\/posts\/62220\/revisions"}],"predecessor-version":[{"id":62227,"href":"https:\/\/ciaoup.it\/index.php?rest_route=\/wp\/v2\/posts\/62220\/revisions\/62227"}],"wp:featuredmedia":[{"embeddable":true,"href":"https:\/\/ciaoup.it\/index.php?rest_route=\/wp\/v2\/media\/62221"}],"wp:attachment":[{"href":"https:\/\/ciaoup.it\/index.php?rest_route=%2Fwp%2Fv2%2Fmedia&parent=62220"}],"wp:term":[{"taxonomy":"category","embeddable":true,"href":"https:\/\/ciaoup.it\/index.php?rest_route=%2Fwp%2Fv2%2Fcategories&post=62220"},{"taxonomy":"post_tag","embeddable":true,"href":"https:\/\/ciaoup.it\/index.php?rest_route=%2Fwp%2Fv2%2Ftags&post=62220"}],"curies":[{"name":"wp","href":"https:\/\/api.w.org\/{rel}","templated":true}]}}