{"id":62217,"date":"2026-03-14T14:08:20","date_gmt":"2026-03-14T14:08:20","guid":{"rendered":"https:\/\/ciaoup.it\/?p=62217"},"modified":"2026-03-14T14:08:20","modified_gmt":"2026-03-14T14:08:20","slug":"stanchezza-di-primavera-integratori-per-il-rilancio-due-esperti-a-confronto","status":"publish","type":"post","link":"https:\/\/ciaoup.it\/?p=62217","title":{"rendered":"Stanchezza di primavera, integratori per il rilancio? Due esperti a confronto"},"content":{"rendered":"<p> (Adnkronos) &#8211; La primavera porta giornate pi\u00f9 lunghe e temperature miti, ma per molte persone coincide anche con spossatezza, difficolt\u00e0 di concentrazione e capogiri. Sintomi spesso legati alla cosiddetta &#8216;stanchezza stagionale&#8217; legata ai cambiamenti di luce, temperatura e ritmi biologici. L&#8217;Adnkronos Salute ne ha parlato con due esperti. &#8220;Questa sintomatologia \u00e8 tipica del cambio di stagione &#8211; spiega Silvia Migliaccio, endocrinologa e nutrizionista, presidente della Societ\u00e0 italiana di scienze dell\u2019alimentazione (Sisa) &#8211; Tuttavia, prima di attribuirla al passaggio stagionale, \u00e8 importante che il medico escluda altre condizioni, come anemia o forme di astenia legate alla depressione&#8221;. Per affrontare questo periodo, la prima regola resta lo stile di vita: &#8220;E&#8217; fondamentale seguire una dieta equilibrata, ricca di frutta e verdura, e mantenere una buona idratazione, privilegiando bevande senza calorie come l&#8217;acqua, ma anche t\u00e8 freddo non zuccherato, spremute di agrumi e i centrifugati di frutta e\/o verdura che apportano nutrienti importanti come gli antiossidanti, i sali minerali e le vitamine A, C ed E&#8221;, sottolinea Migliaccio. \u00a0<\/p>\n<p>Secondo la specialista, &#8220;qualora la dieta meditarranea non dovesse essere sufficiente&#8221;, gli integratori &#8220;possono avere un ruolo in alcuni casi specifici, ma non vanno presi in autonomia. Possono essere utili quando esistono esigenze individuali particolari, ma \u00e8 sempre bene consultare il medico di base per evitare autoprescrizioni&#8221;. Tra i prodotti pi\u00f9 diffusi ci sono gli integratori salini, molto utilizzati anche dagli sportivi. &#8220;Sono spesso aromatizzati &#8211; arancia, limone o frutti tropicali &#8211; e in genere non presentano particolari controindicazioni&#8221;, aggiunge Migliaccio che invita per\u00f2 a &#8220;controllare le etichette nutrizionali, perch\u00e9 una bottiglia da circa 500 millilitri pu\u00f2 apportare mediamente 130-150 Kcal&#8221;. \u00a0<\/p>\n<p>\nSilvio Garattini, fondatore e presidente dell&#8217;Istituto di ricerche farmacologiche Mario Negri Irccs, non ha dubbi: &#8220;Sull\u2019efficacia degli integratori alimentari non ci sono prove scientifiche. Fanno bene soprattutto a chi li vende&#8221;, afferma. &#8220;Chi segue un&#8217;alimentazione equilibrata non ha bisogno di integratori. Il rischio \u00e8 usare prodotti spesso inutili, quando basterebbero dieta corretta, attivit\u00e0 fisica e buon riposo&#8221;. \u00a0<\/p>\n<p>Per il farmacologo il cambio di stagione si affronta soprattutto a tavola, con la dieta mediterranea: &#8220;Frutta e verdura fresca, pane, pasta e riso preferibilmente integrali, pesce, latticini, uova e carni magre, olio d\u2019oliva al posto del burro, limitando carni rosse e salumi&#8221;, elenca. &#8220;E&#8217; un\u2019alimentazione varia e completa &#8211; precisa Garattini &#8211; che aiuta a fornire tutti i nutrienti necessari. Per questo gli integratori non sono necessari: non ci sono prove che facciano bene, ma nemmeno che facciano male&#8221;. \u00a0<\/p>\n<p>Oltre al regime alimentare equilibrato, sano e variato, per Migliaccio la regola principale  \u00e8 &#8220;non saltare mai i pasti e fare sempre degli spuntini a met\u00e0 mattina e a met\u00e0 pomeriggio&#8221;. La prima colazione, suggerisce, &#8220;rappresenta un pasto fondamentale per affrontare al meglio la giornata in quanto fornisce l&#8217;energia necessaria per attivare i muscoli e il cervello dopo il digiuno notturno: vari studi scientifici dimostrano che saltare la prima colazione provoca un calo del rendimento e dell&#8217;attenzione nel lavoro e nello studio. La quantit\u00e0 di calorie da assumere al mattino dovrebbe essere pari al 20-25% del fabbisogno calorico dell&#8217;intera giornata&#8221;.\u00a0<\/p>\n<p>&#8212;<\/p>\n<p>cronaca<\/p>\n<p>webinfo@adnkronos.com (Web Info)<\/p>\n<div style=\"display:flex; gap:10px;justify-content:center\" class=\"wps-pgfw-pdf-generate-icon__wrapper-frontend\">\n\t\t<a  href=\"https:\/\/ciaoup.it?action=genpdf&amp;id=62217\" class=\"pgfw-single-pdf-download-button\" ><img src=\"https:\/\/ciaoup.it\/wp-content\/plugins\/pdf-generator-for-wp\/admin\/src\/images\/PDF_Tray.svg\" title=\"Generate PDF\" style=\"width:auto; height:45px;\"><\/a>\n\t\t<\/div>","protected":false},"excerpt":{"rendered":"<p>(Adnkronos) &#8211; La primavera porta giornate pi\u00f9 lunghe e temperature miti, ma per molte persone&hellip;<\/p>\n","protected":false},"author":3,"featured_media":62218,"comment_status":"open","ping_status":"closed","sticky":false,"template":"","format":"standard","meta":{"footnotes":""},"categories":[12],"tags":[3],"class_list":["post-62217","post","type-post","status-publish","format-standard","has-post-thumbnail","hentry","category-comunicati","tag-ultimora"],"_links":{"self":[{"href":"https:\/\/ciaoup.it\/index.php?rest_route=\/wp\/v2\/posts\/62217","targetHints":{"allow":["GET"]}}],"collection":[{"href":"https:\/\/ciaoup.it\/index.php?rest_route=\/wp\/v2\/posts"}],"about":[{"href":"https:\/\/ciaoup.it\/index.php?rest_route=\/wp\/v2\/types\/post"}],"author":[{"embeddable":true,"href":"https:\/\/ciaoup.it\/index.php?rest_route=\/wp\/v2\/users\/3"}],"replies":[{"embeddable":true,"href":"https:\/\/ciaoup.it\/index.php?rest_route=%2Fwp%2Fv2%2Fcomments&post=62217"}],"version-history":[{"count":1,"href":"https:\/\/ciaoup.it\/index.php?rest_route=\/wp\/v2\/posts\/62217\/revisions"}],"predecessor-version":[{"id":62224,"href":"https:\/\/ciaoup.it\/index.php?rest_route=\/wp\/v2\/posts\/62217\/revisions\/62224"}],"wp:featuredmedia":[{"embeddable":true,"href":"https:\/\/ciaoup.it\/index.php?rest_route=\/wp\/v2\/media\/62218"}],"wp:attachment":[{"href":"https:\/\/ciaoup.it\/index.php?rest_route=%2Fwp%2Fv2%2Fmedia&parent=62217"}],"wp:term":[{"taxonomy":"category","embeddable":true,"href":"https:\/\/ciaoup.it\/index.php?rest_route=%2Fwp%2Fv2%2Fcategories&post=62217"},{"taxonomy":"post_tag","embeddable":true,"href":"https:\/\/ciaoup.it\/index.php?rest_route=%2Fwp%2Fv2%2Ftags&post=62217"}],"curies":[{"name":"wp","href":"https:\/\/api.w.org\/{rel}","templated":true}]}}